{"id":131181,"date":"2021-10-27T12:18:03","date_gmt":"2021-10-27T16:18:03","guid":{"rendered":"https:\/\/linitiative.ca\/International\/dakar-terminal-signe-un-accord-avec-les-entrepots-maliens-du-senegal\/"},"modified":"2021-10-27T12:18:03","modified_gmt":"2021-10-27T16:18:03","slug":"dakar-terminal-signe-un-accord-avec-les-entrepots-maliens-du-senegal","status":"publish","type":"post","link":"https:\/\/linitiative.ca\/International\/dakar-terminal-signe-un-accord-avec-les-entrepots-maliens-du-senegal\/","title":{"rendered":"Dakar Terminal signe un accord avec les Entrep\u00f4ts maliens du S\u00e9n\u00e9gal"},"content":{"rendered":"<div>\n<p><img loading=\"lazy\" decoding=\"async\" width=\"1024\" height=\"683\" src=\"https:\/\/linitiative.ca\/International\/wp-content\/uploads\/sites\/23\/2021\/10\/16353514833983.jpg\" class=\"attachment-post-thumbnail size-post-thumbnail wp-post-image\" alt=\"\" srcset=\"https:\/\/linitiative.ca\/International\/wp-content\/uploads\/sites\/23\/2021\/10\/16353514833983.jpg 1024w, https:\/\/www.journalducameroun.com\/wp-content\/uploads\/2021\/10\/16353514833983-300x200.jpg 300w, https:\/\/www.journalducameroun.com\/wp-content\/uploads\/2021\/10\/16353514833983-768x512.jpg 768w, https:\/\/www.journalducameroun.com\/wp-content\/uploads\/2021\/10\/16353514833983-660x440.jpg 660w, https:\/\/www.journalducameroun.com\/wp-content\/uploads\/2021\/10\/16353514833983-600x400.jpg 600w\" sizes=\"auto, (max-width: 1024px) 100vw, 1024px\"><\/p>\n<p>Le protocole d&rsquo;accord sign\u00e9 le 14 octobre dernier doit permettre de baisser les tarifs d&rsquo;acconage des camions citernes \u00e0 destination du Mali.Dakar Terminal, op\u00e9rateur du terminal roulier El Hadji Malick Sy, s&rsquo;engage avec les Entrep\u00f4ts maliens du S\u00e9n\u00e9gal (E.MA.SE) \u00e0 r\u00e9duire le co\u00fbt du passage portuaire pour tous les camions citernes neufs en transit par le S\u00e9n\u00e9gal.<\/p>\n<p>Cette mesure exceptionnelle permettra de faciliter le processus de renouvellement du parc des v\u00e9hicules commerciaux au Mali et de contribuer \u00e0 renforcer la comp\u00e9titivit\u00e9 du corridor Dakar-Bamako. Elle favorisera par ailleurs la mise en place de synergies positives pour mieux pr\u00e9server l&rsquo;environnement et lutter contre l&rsquo;ins\u00e9curit\u00e9 routi\u00e8re.<\/p>\n<p>Le projet de protocole entre Dakar Terminal et les Entrep\u00f4ts maliens du S\u00e9n\u00e9gal s&rsquo;inscrit dans le cadre de la Politique nationale des transports et infrastructures de transport et du d\u00e9senclavement (PNTITD) qui vise \u00e0 \u00e9tendre et am\u00e9liorer la qualit\u00e9 du r\u00e9seau des transports et \u00e0 assurer des services de transports modernes et efficaces. Il participera en outre \u00e0 harmoniser les normes et les proc\u00e9dures en vigueur pour les contr\u00f4les de v\u00e9hicules lourds de transport de marchandises dans les \u00c9tats membres de l&rsquo;UEMOA, au Ghana et en Guin\u00e9e.<\/p>\n<p>Pour Dakar Terminal, ce partenariat marque la volont\u00e9 de l&rsquo;entreprise de proposer une solution en ligne avec les objectifs du Minist\u00e8re des Transports et des Infrastructures du Mali afin d&rsquo;acc\u00e9l\u00e9rer le d\u00e9veloppement du secteur et d&rsquo;accompagner au mieux les acteurs \u00e9conomiques du pays. Il viendra \u00e9galement renforcer la comp\u00e9titivit\u00e9 du corridor Dakar-Bamako entra\u00eenant ainsi une baisse des tarifs de transport et du co\u00fbt de la vie au profit des populations locales.<\/p>\n<p>\u00ab Dakar Terminal est un partenaire engag\u00e9 qui s&rsquo;inscrit dans la dynamique de modernisation et de transformation du secteur de transport dans la sous-r\u00e9gion. Au-del\u00e0 des efforts tarifaires, Dakar Terminal a instaur\u00e9 un partenariat avec les parties prenantes pour offrir aux usagers une qualit\u00e9 de service en parfaite ad\u00e9quation avec leurs attentes \u00bb, a d\u00e9clar\u00e9 J\u00e9r\u00f4me Beseme, Directeur g\u00e9n\u00e9ral de Dakar Terminal.<\/p>\n<p>\u00ab Cette initiative de Dakar Terminal r\u00e9pond \u00e0 nos attentes et nous appr\u00e9cions, \u00e0 sa juste valeur, l&rsquo;effort qui a \u00e9t\u00e9 fait pour nous accompagner dans le processus de renouvellement du parc routier. Cette d\u00e9marche repr\u00e9sente une avanc\u00e9e significative et aura assur\u00e9ment un impact positif pour relancer l&rsquo;attractivit\u00e9 du corridor Dakar-Bamako \u00bb, s&rsquo;est r\u00e9joui Fousseynou Soumano, Directeur g\u00e9n\u00e9ral des Entrep\u00f4ts maliens au S\u00e9n\u00e9gal (E.MA.SE).<\/p>\n<p>Cet article <a rel=\"nofollow\" href=\"https:\/\/www.journalducameroun.com\/dakar-terminal-signe-un-accord-avec-les-entrepots-maliens-du-senegal\/\">Dakar Terminal signe un accord avec les Entrep\u00f4ts maliens du S\u00e9n\u00e9gal<\/a> est apparu en premier sur <a rel=\"nofollow\" href=\"https:\/\/www.journalducameroun.com\/\">Journal du Cameroun<\/a>.<\/p>\n<\/div>\n<p>Auteur: APA News<br \/>\n<a href=\"https:\/\/www.journalducameroun.com\/dakar-terminal-signe-un-accord-avec-les-entrepots-maliens-du-senegal\/\">Cliquez ici pour lire l&rsquo;article depuis sa source.<\/a><\/p>\n","protected":false},"excerpt":{"rendered":"<p>Le protocole d&rsquo;accord sign\u00e9 le 14 octobre dernier doit permettre de baisser les tarifs d&rsquo;acconage des camions citernes \u00e0 destination du Mali.Dakar Terminal, op\u00e9rateur du terminal roulier El Hadji Malick Sy, s&rsquo;engage avec les Entrep\u00f4ts maliens du S\u00e9n\u00e9gal (E.MA.SE) \u00e0 r\u00e9duire le co\u00fbt du passage portuaire pour tous les camions citernes neufs en transit par [&hellip;]<\/p>\n","protected":false},"author":1965,"featured_media":0,"comment_status":"closed","ping_status":"closed","sticky":false,"template":"","format":"standard","meta":{"fifu_image_url":"https:\/\/www.journalducameroun.com\/wp-content\/uploads\/2021\/10\/16353514833983.jpg","fifu_image_alt":"Dakar Terminal signe un accord avec les Entrep\u00f4ts maliens du S\u00e9n\u00e9gal","footnotes":""},"categories":[73,82],"tags":[],"class_list":["post-131181","post","type-post","status-publish","format-standard","hentry","category-actualite","category-cameroun"],"_links":{"self":[{"href":"https:\/\/linitiative.ca\/International\/wp-json\/wp\/v2\/posts\/131181","targetHints":{"allow":["GET"]}}],"collection":[{"href":"https:\/\/linitiative.ca\/International\/wp-json\/wp\/v2\/posts"}],"about":[{"href":"https:\/\/linitiative.ca\/International\/wp-json\/wp\/v2\/types\/post"}],"author":[{"embeddable":true,"href":"https:\/\/linitiative.ca\/International\/wp-json\/wp\/v2\/users\/1965"}],"replies":[{"embeddable":true,"href":"https:\/\/linitiative.ca\/International\/wp-json\/wp\/v2\/comments?post=131181"}],"version-history":[{"count":0,"href":"https:\/\/linitiative.ca\/International\/wp-json\/wp\/v2\/posts\/131181\/revisions"}],"wp:attachment":[{"href":"https:\/\/linitiative.ca\/International\/wp-json\/wp\/v2\/media?parent=131181"}],"wp:term":[{"taxonomy":"category","embeddable":true,"href":"https:\/\/linitiative.ca\/International\/wp-json\/wp\/v2\/categories?post=131181"},{"taxonomy":"post_tag","embeddable":true,"href":"https:\/\/linitiative.ca\/International\/wp-json\/wp\/v2\/tags?post=131181"}],"curies":[{"name":"wp","href":"https:\/\/api.w.org\/{rel}","templated":true}]}}