{"id":131183,"date":"2021-10-27T13:18:02","date_gmt":"2021-10-27T17:18:02","guid":{"rendered":"https:\/\/linitiative.ca\/International\/le-rwanda-hote-dun-sommet-sur-la-relance-economique\/"},"modified":"2021-10-27T13:18:02","modified_gmt":"2021-10-27T17:18:02","slug":"le-rwanda-hote-dun-sommet-sur-la-relance-economique","status":"publish","type":"post","link":"https:\/\/linitiative.ca\/International\/le-rwanda-hote-dun-sommet-sur-la-relance-economique\/","title":{"rendered":"Le Rwanda h\u00f4te d\u2019un sommet sur la relance \u00e9conomique"},"content":{"rendered":"<div>\n<p><img loading=\"lazy\" decoding=\"async\" width=\"244\" height=\"89\" src=\"https:\/\/linitiative.ca\/International\/wp-content\/uploads\/sites\/23\/2021\/10\/16353550821757.jpg\" class=\"attachment-post-thumbnail size-post-thumbnail wp-post-image\" alt=\"\"><\/p>\n<p>Kigali va abriter cette semaine la 25e session du Comit\u00e9 intergouvernemental des hauts fonctionnaires et experts (CIE) de l&rsquo;Afrique de l&rsquo;Est.Du 27 au 29 octobre 2021, la capitale rwandaise va r\u00e9unir plus de 100 d\u00e9cideurs et acteurs \u00e9conomiques pour discuter de la voie de la reprise sociale et \u00e9conomique. Au cours de cette rencontre, il sera aussi question de la mani\u00e8re d&rsquo;attirer les investissements en Afrique de l&rsquo;Est.<\/p>\n<p>Le th\u00e8me de la rencontre de cette ann\u00e9e est : \u00ab Renforcer la r\u00e9silience pour une reprise solide et attirer des investissements pour favoriser la diversification \u00e9conomique et la croissance \u00e0 long terme en Afrique de l&rsquo;Est \u00bb.<\/p>\n<p>\u00ab La r\u00e9union du CIE fournira une plate-forme \u00e0 diverses parties prenantes des gouvernements pour s&rsquo;entretenir avec des experts et des acteurs du secteur priv\u00e9 sur la reprise \u00e9conomique n\u00e9cessaire et sur la fa\u00e7on de relancer les moteurs du commerce et de l&rsquo;investissement \u00bb, a d\u00e9clar\u00e9 la directrice de la Commission \u00e9conomique pour l&rsquo;Afrique (CEA) en Afrique de l&rsquo;Est, Dr Mama Keita.<\/p>\n<p>Pour le Rwanda, co-organisateur de l&rsquo;\u00e9v\u00e9nement, \u00ab c&rsquo;est le moment de discuter avec d&rsquo;autres pays de la r\u00e9gion des potentiels et de la capacit\u00e9 \u00e0 s&rsquo;\u00e9lever et \u00e0 r\u00e9pondre aux d\u00e9fis socio-\u00e9conomiques, exacerb\u00e9s par la crise de la Covid-19 \u00bb, a fait savoir son ministre des Finances et de la Planification \u00e9conomique, Dr Uzziel Ndagijimana.<\/p>\n<p>La Zone de libre-\u00e9change continentale africaine (ZLECAF) est essentielle pour soutenir la reprise apr\u00e8s les graves effets n\u00e9fastes de la pand\u00e9mie de la Covid-19, a indiqu\u00e9 Mme Ke\u00efta. A l&rsquo;en croire, cet espace d&rsquo;\u00e9change commun augmentera le multiplicateur \u00e9conomique dans la r\u00e9gion et aidera les pays \u00e0 mieux reconstruire, \u00e0 cro\u00eetre leurs \u00e9conomies et \u00e0 cr\u00e9er des emplois qui favorisent une croissance inclusive.<\/p>\n<p>Les participants \u00e0 la r\u00e9union discuteront de questions th\u00e9matiques comme l&rsquo;approfondissement des cha\u00eenes de valeur r\u00e9gionales, l&rsquo;environnement pour les opportunit\u00e9s d&rsquo;investissement et les liens entre la paix, la s\u00e9curit\u00e9 et le d\u00e9veloppement.<\/p>\n<p>Cet article <a rel=\"nofollow\" href=\"https:\/\/www.journalducameroun.com\/le-rwanda-hote-dun-sommet-sur-la-relance-economique\/\">Le Rwanda h\u00f4te d\u2019un sommet sur la relance \u00e9conomique<\/a> est apparu en premier sur <a rel=\"nofollow\" href=\"https:\/\/www.journalducameroun.com\/\">Journal du Cameroun<\/a>.<\/p>\n<\/div>\n<p>Auteur: APA News<br \/>\n<a href=\"https:\/\/www.journalducameroun.com\/le-rwanda-hote-dun-sommet-sur-la-relance-economique\/\">Cliquez ici pour lire l&rsquo;article depuis sa source.<\/a><\/p>\n","protected":false},"excerpt":{"rendered":"<p>Kigali va abriter cette semaine la 25e session du Comit\u00e9 intergouvernemental des hauts fonctionnaires et experts (CIE) de l&rsquo;Afrique de l&rsquo;Est.Du 27 au 29 octobre 2021, la capitale rwandaise va r\u00e9unir plus de 100 d\u00e9cideurs et acteurs \u00e9conomiques pour discuter de la voie de la reprise sociale et \u00e9conomique. Au cours de cette rencontre, il [&hellip;]<\/p>\n","protected":false},"author":1965,"featured_media":0,"comment_status":"closed","ping_status":"closed","sticky":false,"template":"","format":"standard","meta":{"fifu_image_url":"https:\/\/www.journalducameroun.com\/wp-content\/uploads\/2021\/10\/16353550821757.jpg","fifu_image_alt":"Le Rwanda h\u00f4te d\u2019un sommet sur la relance \u00e9conomique","footnotes":""},"categories":[73,82],"tags":[],"class_list":["post-131183","post","type-post","status-publish","format-standard","hentry","category-actualite","category-cameroun"],"_links":{"self":[{"href":"https:\/\/linitiative.ca\/International\/wp-json\/wp\/v2\/posts\/131183","targetHints":{"allow":["GET"]}}],"collection":[{"href":"https:\/\/linitiative.ca\/International\/wp-json\/wp\/v2\/posts"}],"about":[{"href":"https:\/\/linitiative.ca\/International\/wp-json\/wp\/v2\/types\/post"}],"author":[{"embeddable":true,"href":"https:\/\/linitiative.ca\/International\/wp-json\/wp\/v2\/users\/1965"}],"replies":[{"embeddable":true,"href":"https:\/\/linitiative.ca\/International\/wp-json\/wp\/v2\/comments?post=131183"}],"version-history":[{"count":0,"href":"https:\/\/linitiative.ca\/International\/wp-json\/wp\/v2\/posts\/131183\/revisions"}],"wp:attachment":[{"href":"https:\/\/linitiative.ca\/International\/wp-json\/wp\/v2\/media?parent=131183"}],"wp:term":[{"taxonomy":"category","embeddable":true,"href":"https:\/\/linitiative.ca\/International\/wp-json\/wp\/v2\/categories?post=131183"},{"taxonomy":"post_tag","embeddable":true,"href":"https:\/\/linitiative.ca\/International\/wp-json\/wp\/v2\/tags?post=131183"}],"curies":[{"name":"wp","href":"https:\/\/api.w.org\/{rel}","templated":true}]}}