{"id":131187,"date":"2021-10-27T15:18:01","date_gmt":"2021-10-27T19:18:01","guid":{"rendered":"https:\/\/linitiative.ca\/International\/les-enjeux-de-levaluation-dimpact-a-laune-des-defis-de-lafrique-debattus-a-abidjan\/"},"modified":"2021-10-27T15:18:01","modified_gmt":"2021-10-27T19:18:01","slug":"les-enjeux-de-levaluation-dimpact-a-laune-des-defis-de-lafrique-debattus-a-abidjan","status":"publish","type":"post","link":"https:\/\/linitiative.ca\/International\/les-enjeux-de-levaluation-dimpact-a-laune-des-defis-de-lafrique-debattus-a-abidjan\/","title":{"rendered":"Les enjeux de l\u2019\u00e9valuation d\u2019impact \u00e0 l\u2019aune des d\u00e9fis de l\u2019Afrique d\u00e9battus \u00e0 Abidjan"},"content":{"rendered":"<div>\n<p>Les enjeux de l\u2019\u00e9valuation d\u2019impact \u00e0 l\u2019aune des d\u00e9fis des Etats africains, \u00e9taient d\u00e9battus \u00e0 Abidjan du 25 au au 27 octobre 2021, \u00e0 l\u2019occasion d\u2019une Conf\u00e9rence r\u00e9gionale sur l\u2019\u00e9valuation d\u2019impact en Afrique Francophone.Cette conf\u00e9rence r\u00e9gionale, ouverte par le ministre ivoirien du Plan et du d\u00e9veloppement, Kaba Nial\u00e9, avait pour objectif de situer le r\u00f4le et les contributions de l\u2019\u00e9valuation d\u2019impact dans la mise en \u0153uvre des politiques publiques.<\/p>\n<p>Elle a \u00e9t\u00e9 organis\u00e9e par le Clear (Centers for learning on evaluation and resultat) pour l\u2019Afrique Francophone et le programme WACIE avec le soutien de la Banque africaine de d\u00e9veloppement \u00a0(BAD).<\/p>\n<p>Durant trois jours, Abidjan \u00e9tait la capitale de l\u2019\u00e9valuation d\u2019impact en Afrique Francophone, avec des experts et professionnels de l\u2019\u00e9valuation, autour du th\u00e8me \u00ab\u00a0La mise en \u0153uvre des agendas de d\u00e9veloppement \u00e0 l\u2019aune des enjeux actuels, \u00e9valuation d\u2019impacts au c\u0153ur de la d\u00e9cision\u00a0\u00bb.<\/p>\n<p>Les pays africains se sont engag\u00e9s \u00e0 r\u00e9aliser les Objectifs du d\u00e9veloppement durable (ODD) adopt\u00e9s par les Nations unies en septembre 2015. Cette conf\u00e9rence vise \u00e0 amener les Etats \u00e0 entrer dans cette vision et celle de l\u2019agenda 2063 de l\u2019UA.<\/p>\n<p>Pour Mme Kaba Nial\u00e9, \u00ab\u00a0cela ne peut \u00eatre atteint si une place de choix n\u2019est pas faite \u00e0 l\u2019\u00e9valuation d\u2019impacts qui est la formulation et la mise en oeuvre des programmes de d\u00e9veloppement au sein des Etats\u00a0\u00bb.<\/p>\n<p>L\u2019\u00e9valuation d\u2019impact se veut un instrument indispensable pour les politiques publiques, qui aide \u00e0 la d\u00e9cision. Elle a pour objectif de favoriser l\u2019am\u00e9lioration des performances de l\u2019action publique.\u00a0<\/p>\n<p>En C\u00f4te d\u2019Ivoire, d\u2019importants efforts ont \u00e9t\u00e9 engag\u00e9s en vue de l\u2019institutionnalisation de la gouvernance des politiques publiques et de d\u00e9veloppement, a fait savoir le ministre du Plan et du d\u00e9veloppement.\u00a0<\/p>\n<p>Dans cette dynamique, poursuivra-t-elle, \u00ab\u00a0notre pays, dans cadre le cadre du renforcement de la gouvernance, a inscrit dans sa Constitution de 2016 l\u2019\u00e9valuation comme instrument de redevabilit\u00e9\u00a0\u00bb.\u00a0<\/p>\n<p>Le gouvernement ivoirien vient d\u2019adopter, il y a seulement quelques semaines, un projet de lois relatifs \u00e0 l\u2019\u00e9valuation des politiques publiques, a-t-elle ajout\u00e9, tout en encourageant l\u2019institutionnalisation de la pratique \u00e9valuative qui demeure un levier majeur dans l\u2019atteinte efficace des objectifs.\u00a0<\/p>\n<p>La conf\u00e9rence devrait par ailleurs permette de faciliter les avanc\u00e9es qualitatives dans la mise en \u0153uvre de r\u00e9formes nationales en mati\u00e8re d\u2019\u00e9valuations dans le pilotage strat\u00e9gique et op\u00e9rationnel \u00a0de l\u2019action publique.<\/p>\n<p>La pratique de l\u2019\u00e9valuation d\u2019impact s\u2019est r\u00e9pandue en Afrique durant ces deux derni\u00e8res d\u00e9cennies avec des disparit\u00e9s entre les r\u00e9gions en mati\u00e8re de nombre d\u2019\u00e9tudes men\u00e9es ou d\u2019utilisation de ces \u00e9tudes.<\/p>\n<p>En 2011, un rapport sur les \u00e9valuations d\u2019impacts en Afrique subsaharienne avait r\u00e9v\u00e9l\u00e9 qu\u2019elles se sont sensiblement d\u00e9velopp\u00e9es en Afrique \u00e0 partir de 2004, mais qu\u2019elles \u00e9taient en grande partie men\u00e9es dans les pays anglophones.<\/p>\n<p>Dans ce contexte, le Clear pour l\u2019Afrique Francophone a lanc\u00e9 en 2016 un s\u00e9minaire sur l\u2019\u00e9valuation d\u2019impact en Afrique Francophone visant \u00e0 combler le manque d\u2019expertises techniques locales pour la conduite des \u00e9valuations d\u2019impact cr\u00e9dibles.<\/p>\n<p>Cet article <a rel=\"nofollow\" href=\"https:\/\/www.journalducameroun.com\/les-enjeux-de-levaluation-dimpact-a-laune-des-defis-de-lafrique-debattus-a-abidjan\/\">Les enjeux de l\u2019\u00e9valuation d\u2019impact \u00e0 l\u2019aune des d\u00e9fis de l\u2019Afrique d\u00e9battus \u00e0 Abidjan<\/a> est apparu en premier sur <a rel=\"nofollow\" href=\"https:\/\/www.journalducameroun.com\/\">Journal du Cameroun<\/a>.<\/p>\n<\/div>\n<p>Auteur: APA News<br \/>\n<a href=\"https:\/\/www.journalducameroun.com\/les-enjeux-de-levaluation-dimpact-a-laune-des-defis-de-lafrique-debattus-a-abidjan\/\">Cliquez ici pour lire l&rsquo;article depuis sa source.<\/a><\/p>\n","protected":false},"excerpt":{"rendered":"<p>Les enjeux de l\u2019\u00e9valuation d\u2019impact \u00e0 l\u2019aune des d\u00e9fis des Etats africains, \u00e9taient d\u00e9battus \u00e0 Abidjan du 25 au au 27 octobre 2021, \u00e0 l\u2019occasion d\u2019une Conf\u00e9rence r\u00e9gionale sur l\u2019\u00e9valuation d\u2019impact en Afrique Francophone.Cette conf\u00e9rence r\u00e9gionale, ouverte par le ministre ivoirien du Plan et du d\u00e9veloppement, Kaba Nial\u00e9, avait pour objectif de situer le r\u00f4le [&hellip;]<\/p>\n","protected":false},"author":1965,"featured_media":0,"comment_status":"closed","ping_status":"closed","sticky":false,"template":"","format":"standard","meta":{"fifu_image_url":"","fifu_image_alt":"","footnotes":""},"categories":[73,82],"tags":[],"class_list":["post-131187","post","type-post","status-publish","format-standard","hentry","category-actualite","category-cameroun"],"_links":{"self":[{"href":"https:\/\/linitiative.ca\/International\/wp-json\/wp\/v2\/posts\/131187","targetHints":{"allow":["GET"]}}],"collection":[{"href":"https:\/\/linitiative.ca\/International\/wp-json\/wp\/v2\/posts"}],"about":[{"href":"https:\/\/linitiative.ca\/International\/wp-json\/wp\/v2\/types\/post"}],"author":[{"embeddable":true,"href":"https:\/\/linitiative.ca\/International\/wp-json\/wp\/v2\/users\/1965"}],"replies":[{"embeddable":true,"href":"https:\/\/linitiative.ca\/International\/wp-json\/wp\/v2\/comments?post=131187"}],"version-history":[{"count":0,"href":"https:\/\/linitiative.ca\/International\/wp-json\/wp\/v2\/posts\/131187\/revisions"}],"wp:attachment":[{"href":"https:\/\/linitiative.ca\/International\/wp-json\/wp\/v2\/media?parent=131187"}],"wp:term":[{"taxonomy":"category","embeddable":true,"href":"https:\/\/linitiative.ca\/International\/wp-json\/wp\/v2\/categories?post=131187"},{"taxonomy":"post_tag","embeddable":true,"href":"https:\/\/linitiative.ca\/International\/wp-json\/wp\/v2\/tags?post=131187"}],"curies":[{"name":"wp","href":"https:\/\/api.w.org\/{rel}","templated":true}]}}