{"id":131188,"date":"2021-10-27T17:18:01","date_gmt":"2021-10-27T21:18:01","guid":{"rendered":"https:\/\/linitiative.ca\/International\/cote-divoire-od-un-cadre-rhdp-echange-avec-bendjo-charge-de-la-reconciliation-au-pdci\/"},"modified":"2021-10-27T17:18:01","modified_gmt":"2021-10-27T21:18:01","slug":"cote-divoire-od-un-cadre-rhdp-echange-avec-bendjo-charge-de-la-reconciliation-au-pdci","status":"publish","type":"post","link":"https:\/\/linitiative.ca\/International\/cote-divoire-od-un-cadre-rhdp-echange-avec-bendjo-charge-de-la-reconciliation-au-pdci\/","title":{"rendered":"C\u00f4te d\u2019Ivoire: OD, un cadre Rhdp, \u00e9change avec Bendjo, charg\u00e9 de la r\u00e9conciliation au Pdci"},"content":{"rendered":"<div>\n<p><img loading=\"lazy\" decoding=\"async\" width=\"309\" height=\"163\" src=\"https:\/\/linitiative.ca\/International\/wp-content\/uploads\/sites\/23\/2021\/10\/16353694819802.jpg\" class=\"attachment-post-thumbnail size-post-thumbnail wp-post-image\" alt=\"\" srcset=\"https:\/\/linitiative.ca\/International\/wp-content\/uploads\/sites\/23\/2021\/10\/16353694819802.jpg 309w, https:\/\/www.journalducameroun.com\/wp-content\/uploads\/2021\/10\/16353694819802-300x158.jpg 300w\" sizes=\"auto, (max-width: 309px) 100vw, 309px\"><\/p>\n<p>Ouattara Dramane dit \u00ab\u00a0OD\u00a0\u00bb, un cadre du Rassemblement des houphou\u00ebtistes pour la d\u00e9mocratie et la paix (Rhdp, pouvoir), a \u00e9chang\u00e9 mardi avec No\u00ebl Akossi Bendjo, conseiller sp\u00e9cial charg\u00e9 de la r\u00e9conciliation et de la coh\u00e9sion sociale au Parti d\u00e9mocratique de C\u00f4te d&rsquo;Ivoire (Pdci, opposition).<\/p>\n<p>Cette rencontre, \u00e0 l&rsquo;allure d&rsquo;une retrouvaille entre deux ex-collaborateurs, intervient quelques jours apr\u00e8s la nomination de No\u00ebl Akossi Bendjo, comme conseiller sp\u00e9cial charg\u00e9 de la r\u00e9conciliation et de la coh\u00e9sion sociale dans le Cabinet du pr\u00e9sident du Pdci, Henri Konan B\u00e9di\u00e9. \u00a0\u00a0<\/p>\n<p>M. Ouattara Dramane, cadre du Rhdp dans la commune du Plateau, le centre des Affaires d&rsquo;Abidjan, \u00e9tait membre du Conseil municipal du Plateau, quand M. Bendjo dirigeait la cit\u00e9 en tant que premier magistrat.\u00a0<\/p>\n<p>Ce cadre du Rhdp, qui a maintes fois \u00e9t\u00e9 battu par l&rsquo;actuel d\u00e9put\u00e9-maire, Jacques Ehouo, entretient visiblement des rapports amicaux avec M. Bendjo, qui est rentr\u00e9 d&rsquo;exil, en provenance de la France, il y a quelques mois.\u00a0<\/p>\n<p>OD a saisi cette occasion pour informer M. Bendjo de la \u00a0cr\u00e9ation de sa Fondation pour la coh\u00e9sion sociale, la d\u00e9mocratie et la solidarit\u00e9. L&rsquo;ancien maire du Plateau, son a\u00een\u00e9 a \u00e9galement une exp\u00e9rience dans la gestion de cette entit\u00e9.\u00a0<\/p>\n<p>Laur\u00e9at de la 1\u00e8re \u00e9dition du Prix Gepci (Groupement des \u00e9diteurs de presse de C\u00f4te d&rsquo;Ivoire) pour la coh\u00e9sion sociale et la paix, OD est engag\u00e9 dans la th\u00e9matique de la r\u00e9conciliation. Il s&rsquo;est naturellement montr\u00e9 disponible pour apporter sa contribution \u00e0 la coh\u00e9sion sociale au Plateau et m\u00eame au-del\u00e0, si n\u00e9cessaire.<\/p>\n<p>L&rsquo;h\u00f4te a aussi f\u00e9licit\u00e9 l&rsquo;ancien maire du Plateau, Akossi Bendjo pour sa r\u00e9cente nomination au Cabinet du pr\u00e9sident du Pdci, Henri Konan B\u00e9di\u00e9, en qualit\u00e9 de Conseiller sp\u00e9cial charg\u00e9 de la r\u00e9conciliation et de la coh\u00e9sion sociale.\u00a0<\/p>\n<p>Touch\u00e9 par cette marque d&rsquo;attention \u00e0 son endroit, M. Bendjo \u00a0qui avait son \u00e9pouse \u00e0 ses c\u00f4t\u00e9s, a remerci\u00e9 OD pour sa d\u00e9marche et a saisi l&rsquo;opportunit\u00e9 pour le f\u00e9liciter pour son esprit fair-play lors des derni\u00e8res l\u00e9gislatives au Plateau.\u00a0<\/p>\n<p>Vice-pr\u00e9sident du Pdci, M. Bendjo a r\u00e9pondu favorablement \u00e0 l&rsquo;appel \u00e0 la r\u00e9conciliation de son invit\u00e9 et l&rsquo;a exhort\u00e9 \u00e0 poser davantage d&rsquo;actions dans le sens de la coh\u00e9sion au Plateau mais aussi \u00e0 \u00eatre un ambassadeur de paix aupr\u00e8s de sa formation politique.<\/p>\n<p>La rencontre s&rsquo;est d\u00e9roul\u00e9e dans une ambiance tr\u00e8s conviviale. Elle montre ostensiblement une d\u00e9crispation du climat politique aur\u00e9ol\u00e9e d&rsquo;un dialogue et d&rsquo;une fr\u00e9quentation entre les leaders politiques du pays.\u00a0<\/p>\n<p>Cet article <a rel=\"nofollow\" href=\"https:\/\/www.journalducameroun.com\/cote-divoire-od-un-cadre-rhdp-echange-avec-bendjo-charge-de-la-reconciliation-au-pdci\/\">C\u00f4te d\u2019Ivoire: OD, un cadre Rhdp, \u00e9change avec Bendjo, charg\u00e9 de la r\u00e9conciliation au Pdci<\/a> est apparu en premier sur <a rel=\"nofollow\" href=\"https:\/\/www.journalducameroun.com\/\">Journal du Cameroun<\/a>.<\/p>\n<\/div>\n<p>Auteur: APA News<br \/>\n<a href=\"https:\/\/www.journalducameroun.com\/cote-divoire-od-un-cadre-rhdp-echange-avec-bendjo-charge-de-la-reconciliation-au-pdci\/\">Cliquez ici pour lire l&rsquo;article depuis sa source.<\/a><\/p>\n","protected":false},"excerpt":{"rendered":"<p>Ouattara Dramane dit \u00ab\u00a0OD\u00a0\u00bb, un cadre du Rassemblement des houphou\u00ebtistes pour la d\u00e9mocratie et la paix (Rhdp, pouvoir), a \u00e9chang\u00e9 mardi avec No\u00ebl Akossi Bendjo, conseiller sp\u00e9cial charg\u00e9 de la r\u00e9conciliation et de la coh\u00e9sion sociale au Parti d\u00e9mocratique de C\u00f4te d&rsquo;Ivoire (Pdci, opposition). Cette rencontre, \u00e0 l&rsquo;allure d&rsquo;une retrouvaille entre deux ex-collaborateurs, intervient quelques [&hellip;]<\/p>\n","protected":false},"author":1965,"featured_media":0,"comment_status":"closed","ping_status":"closed","sticky":false,"template":"","format":"standard","meta":{"fifu_image_url":"https:\/\/www.journalducameroun.com\/wp-content\/uploads\/2021\/10\/16353694819802.jpg","fifu_image_alt":"C\u00f4te d\u2019Ivoire: OD, un cadre Rhdp, \u00e9change avec Bendjo, charg\u00e9 de la r\u00e9conciliation au Pdci","footnotes":""},"categories":[73,82],"tags":[],"class_list":["post-131188","post","type-post","status-publish","format-standard","hentry","category-actualite","category-cameroun"],"_links":{"self":[{"href":"https:\/\/linitiative.ca\/International\/wp-json\/wp\/v2\/posts\/131188","targetHints":{"allow":["GET"]}}],"collection":[{"href":"https:\/\/linitiative.ca\/International\/wp-json\/wp\/v2\/posts"}],"about":[{"href":"https:\/\/linitiative.ca\/International\/wp-json\/wp\/v2\/types\/post"}],"author":[{"embeddable":true,"href":"https:\/\/linitiative.ca\/International\/wp-json\/wp\/v2\/users\/1965"}],"replies":[{"embeddable":true,"href":"https:\/\/linitiative.ca\/International\/wp-json\/wp\/v2\/comments?post=131188"}],"version-history":[{"count":0,"href":"https:\/\/linitiative.ca\/International\/wp-json\/wp\/v2\/posts\/131188\/revisions"}],"wp:attachment":[{"href":"https:\/\/linitiative.ca\/International\/wp-json\/wp\/v2\/media?parent=131188"}],"wp:term":[{"taxonomy":"category","embeddable":true,"href":"https:\/\/linitiative.ca\/International\/wp-json\/wp\/v2\/categories?post=131188"},{"taxonomy":"post_tag","embeddable":true,"href":"https:\/\/linitiative.ca\/International\/wp-json\/wp\/v2\/tags?post=131188"}],"curies":[{"name":"wp","href":"https:\/\/api.w.org\/{rel}","templated":true}]}}