{"id":131192,"date":"2021-10-27T12:31:32","date_gmt":"2021-10-27T16:31:32","guid":{"rendered":"https:\/\/linitiative.ca\/International\/bertoua-14-milliard-de-pertes-apres-lincendie-dun-magasin-de-stockage-de-tabac-a-bertoua\/"},"modified":"2021-10-27T12:31:32","modified_gmt":"2021-10-27T16:31:32","slug":"bertoua-14-milliard-de-pertes-apres-lincendie-dun-magasin-de-stockage-de-tabac-a-bertoua","status":"publish","type":"post","link":"https:\/\/linitiative.ca\/International\/bertoua-14-milliard-de-pertes-apres-lincendie-dun-magasin-de-stockage-de-tabac-a-bertoua\/","title":{"rendered":"Bertoua : 1,4 milliard de pertes apr\u00e8s l\u2019incendie d\u2019un magasin de stockage de Tabac \u00e0 Bertoua"},"content":{"rendered":"<div>\n<p>La perte subie par l\u2019entreprise de production, de traitement et de commercialisation des tabacs d\u00e9nomm\u00e9e la F\u00e9d\u00e9ration des planteurs des tabacs et autres cultures vivri\u00e8res du Cameroun (Fptc) bas\u00e9e dans la ville de Bertoua, r\u00e9gion de l\u2019Est suite \u00e0 un incendie est \u00e9norme. De l\u2019avis de l\u2019administrateur provisoire de la Fptc, Jean Marc Sambha\u2019a, \u00ab\u00a0nous avons perdu pour environ 55 tonnes de tabac des r\u00e9coltes de 2019 et 2020 d\u00e9j\u00e0 trait\u00e9s et pr\u00eats \u00e0 l\u2019exportation. La vente de ces tabacs auraient permis \u00e0 l\u2019entreprise de r\u00e9colter environ 650 millions de FCFA selon les accords conclus avec notre client. A cela s\u2019ajoutent les presque 17 millions de FCFA de mat\u00e9riel de travail consum\u00e9s par les flammes cette nuit du 25 au 26 juin 2021\u00a0\u00bb<em>.<\/em>\u00a0Ceci apr\u00e8s des \u00e9valuations des experts. Dans une compte-rendu adress\u00e9 au ministre de l\u2019Agriculture et du D\u00e9veloppement rural (Minader) le 8 juillet 2021, le DG de la Fptc et le pr\u00e9sident du conseil d\u2019administration (Pca) de Camtobaco SA indiquent que \u00ab\u00a0pour la production de ce tabac, gr\u00e2ce \u00e0 nos actionnaires et des partenaires financiers, nous avons investi 124\u00a0216\u00a0009 FCFA\u00a0[\u2026]\u00a0auxquels il faut ajouter les charges de fonctionnement de presque 70 millions pour la p\u00e9riode 2019\/2020 \u00e0 payer aux personnels permanents et aux administrateurs.\u00a0\u00bb<\/p>\n<p>Le document cosign\u00e9 par Willy Ngassa Mbow\u00e9 et Jean Marc Sambha\u2019a r\u00e9v\u00e8le \u00e9galement qu\u2019au moment de l\u2019incendie, leurs entreprises s\u2019appr\u00eataient \u00e0 livrer en septembre 2021, 25,4 tonnes de tabac \u00e0 m\u00e2cher (chewing-tobacco) estim\u00e9s \u00e0 pr\u00e8s de 58 millions de FCFA. Ces pertes compliquent la prise en charge des 719 planteurs, 14 encadreurs et 5 chefs de secteurs mobilis\u00e9s sur le terrain pour la production \u00e0 venir de 94 tonnes de tabacs par la Fptc. Tout aussi concern\u00e9s par cette situation, les 40 personnels affect\u00e9s au travail dans les ateliers de Bertoua. Du fait de cet incendie, les 500 stagiaires attendus pour aider au traitement et au conditionnement des tabacs pendant les vacances (de juillet \u00e0 ao\u00fbt) n\u2019ont pas pu avoir des ressources pour payer leurs frais de scolarit\u00e9 et leurs fournitures scolaires. L\u2019incendie en question s\u2019est d\u00e9clench\u00e9 le 25 juin 2021. \u00ab\u00a0C\u2019est autour de 19 heures que nous apprenons que des flammes sont en train de consumer le b\u00e2timent central qui abrite notre magasin principal\u00a0\u00bb, indiquent les victimes. Dont la f\u00e9d\u00e9ration des planteurs de tabacs et autres cultures vivri\u00e8res du Cameroun (Fptc), son partenaire, la Cameroon Tobacco Trading Company (Camtobaco SA) et l\u2019Union camerounaise des brasseries (Ucb) qui y a install\u00e9 son entrep\u00f4t.<\/p>\n<p>\u00a0L\u2019ampleur des flammes et leur rapidit\u00e9 de propagation am\u00e8nent la Fptc et Camtobaco SA \u00e0 solliciter les services de l\u2019antenne r\u00e9gionale de l\u2019Agence pour la s\u00e9curit\u00e9 de la navigation a\u00e9rienne en Afrique et \u00e0 Madagascar (Asecna). Avec l\u2019aide des riverains, l\u2019incendie est dompt\u00e9. Mais tous, responsables, partenaires, employ\u00e9s, riverains, n\u2019ont plus que leurs yeux pour pleurer. Trois mois apr\u00e8s, les impacts de la catastrophe sur le b\u00e2timent sont toujours visibles. Sa fa\u00e7ade principale a c\u00e9d\u00e9 sous la pression des flammes et des multiples mains venues au secours des entreprises victimes. C\u2019est d\u00e9sormais le vide total l\u00e0 o\u00f9 jadis \u00e9taient entrepos\u00e9s des casiers et les ordinateurs de bureau de l\u2019Union camerounaise des brasseries (Ucb). Cette entreprise louait le tiers de ce magasin d\u2019entrep\u00f4t des tabacs depuis quelques semaines pour en faire son d\u00e9p\u00f4t. Une bonne partie de la charpente en fer et des feuilles de t\u00f4le de ce b\u00e2timent construit \u00e0 la fin des ann\u00e9es 1950, a vol\u00e9 en fum\u00e9e.<\/p>\n<p><strong>Martin Foula<\/strong><\/p>\n<p>L\u2019article <a rel=\"nofollow\" href=\"https:\/\/ecomatin.net\/bertoua-14-milliard-de-pertes-apres-lincendie-dun-magasin-de-stockage-de-tabac-a-bertoua\/\">Bertoua : 1,4 milliard de pertes apr\u00e8s l\u2019incendie d\u2019un magasin de stockage de Tabac \u00e0 Bertoua<\/a> est apparu en premier sur <a rel=\"nofollow\" href=\"https:\/\/ecomatin.net\/\">EcoMatin<\/a>.<\/p>\n<\/div>\n<p>Auteur: EcoMatin<br \/>\n<a href=\"https:\/\/ecomatin.net\/bertoua-14-milliard-de-pertes-apres-lincendie-dun-magasin-de-stockage-de-tabac-a-bertoua\/\">Cliquez ici pour lire l&rsquo;article depuis sa source.<\/a><\/p>\n","protected":false},"excerpt":{"rendered":"<p>La perte subie par l\u2019entreprise de production, de traitement et de commercialisation des tabacs d\u00e9nomm\u00e9e la F\u00e9d\u00e9ration des planteurs des tabacs et autres cultures vivri\u00e8res du Cameroun (Fptc) bas\u00e9e dans la ville de Bertoua, r\u00e9gion de l\u2019Est suite \u00e0 un incendie est \u00e9norme. De l\u2019avis de l\u2019administrateur provisoire de la Fptc, Jean Marc Sambha\u2019a, \u00ab\u00a0nous [&hellip;]<\/p>\n","protected":false},"author":1969,"featured_media":0,"comment_status":"closed","ping_status":"closed","sticky":false,"template":"","format":"standard","meta":{"fifu_image_url":"","fifu_image_alt":"","footnotes":""},"categories":[82,78],"tags":[],"class_list":["post-131192","post","type-post","status-publish","format-standard","hentry","category-cameroun","category-economie"],"_links":{"self":[{"href":"https:\/\/linitiative.ca\/International\/wp-json\/wp\/v2\/posts\/131192","targetHints":{"allow":["GET"]}}],"collection":[{"href":"https:\/\/linitiative.ca\/International\/wp-json\/wp\/v2\/posts"}],"about":[{"href":"https:\/\/linitiative.ca\/International\/wp-json\/wp\/v2\/types\/post"}],"author":[{"embeddable":true,"href":"https:\/\/linitiative.ca\/International\/wp-json\/wp\/v2\/users\/1969"}],"replies":[{"embeddable":true,"href":"https:\/\/linitiative.ca\/International\/wp-json\/wp\/v2\/comments?post=131192"}],"version-history":[{"count":0,"href":"https:\/\/linitiative.ca\/International\/wp-json\/wp\/v2\/posts\/131192\/revisions"}],"wp:attachment":[{"href":"https:\/\/linitiative.ca\/International\/wp-json\/wp\/v2\/media?parent=131192"}],"wp:term":[{"taxonomy":"category","embeddable":true,"href":"https:\/\/linitiative.ca\/International\/wp-json\/wp\/v2\/categories?post=131192"},{"taxonomy":"post_tag","embeddable":true,"href":"https:\/\/linitiative.ca\/International\/wp-json\/wp\/v2\/tags?post=131192"}],"curies":[{"name":"wp","href":"https:\/\/api.w.org\/{rel}","templated":true}]}}