{"id":131194,"date":"2021-10-27T13:05:39","date_gmt":"2021-10-27T17:05:39","guid":{"rendered":"https:\/\/linitiative.ca\/International\/le-ministere-des-finances-lance-une-application-pour-optimiser-la-gestion-des-rappels-de-solde\/"},"modified":"2021-10-27T13:05:39","modified_gmt":"2021-10-27T17:05:39","slug":"le-ministere-des-finances-lance-une-application-pour-optimiser-la-gestion-des-rappels-de-solde","status":"publish","type":"post","link":"https:\/\/linitiative.ca\/International\/le-ministere-des-finances-lance-une-application-pour-optimiser-la-gestion-des-rappels-de-solde\/","title":{"rendered":"Le minist\u00e8re des Finances lance une application pour optimiser la gestion des rappels de solde"},"content":{"rendered":"<div>\n<p>Le personnel en charge de la gestion des soldes peut d\u00e9sormais pousser un ouf de soulagement. Et pour cause le minist\u00e8re des Finances \u00e0 travers la Direction de la d\u00e9pense, de la pension et du personnel (Ddpp) vient de rendre op\u00e9rationnel une application qui prendra en charge les sommes dues (que sont les rappels et les avances de soldes). L\u2019application d\u00e9nomm\u00e9e \u2018\u2018ESD-Soft\u2019\u2019 a \u00e9t\u00e9 pr\u00e9sent\u00e9e aux administrations publiques le 26 octobre 2021, au cours d\u2019une c\u00e9r\u00e9monie pr\u00e9sid\u00e9e par le Directeur g\u00e9n\u00e9ral du Budget Cyrill Edou Alo\u2019o.<\/p>\n<p><strong>Lire aussi<\/strong> : <strong><a href=\"https:\/\/ecomatin.net\/echanges-de-donneess-minfi-minepat-minmap-et-t-caa-font-front-commun-contre-les-fraudeurs\/\">Echanges de donn\u00e9es : Minfi, Minepat, Minmap et CAA font front commun contre les fraudeurs<\/a><\/strong><\/p>\n<p>Le projet chaperonn\u00e9 par la Direction de la D\u00e9pense de personnel et des pensions (Ddpp), voit le jour en 2019, lorsque le ministre des Finances Louis Paul Motaze instruit le d\u00e9ploiement d\u2019une application devant permettre de g\u00e9rer les sommes dues. Application qui vient ainsi r\u00e9duire plusieurs probl\u00e8mes : la non-maitrise des d\u00e9lais li\u00e9s au calcul manuel des sommes dues, supprimer les erreurs de calcul et de double paiement, g\u00e9rer les archives des \u00e9tats de sommes dues entre autres. ESD-Soft permettra de fa\u00e7on globale d\u2019avoir une plus-value dans la productivit\u00e9 et la qualit\u00e9 du service rendu \u00e0 l\u2019agent public. De fa\u00e7on d\u00e9taill\u00e9e il s\u2019agira de \u00abproduire des \u00e9tats de sommes dues de mani\u00e8re automatis\u00e9e \u00e0 partir d\u2019une application. Ce qui va acc\u00e9l\u00e9rer la production des \u00e9tats de sommes dues et s\u00e9curiser les \u00e9tats de sommes dues, am\u00e9liorer la qualit\u00e9 de la d\u00e9pense, am\u00e9liorer le service, faciliter l\u2019archivage \u00bb, confie le Directeur g\u00e9n\u00e9ral du Budget.<\/p>\n<p><strong>Lire aussi<\/strong> : <strong><a href=\"https:\/\/ecomatin.net\/fichier-solde-de-letat-le-minfi-met-fin-au-systeme-de-virement-bancaire-groupe-des-agents-publics\/\">Fichier solde de l\u2019Etat : le Minfi met fin au syst\u00e8me de virement bancaire group\u00e9 des agents publics<\/a><\/strong><\/p>\n<p>Plusieurs objectifs sont alors assign\u00e9s \u00e0 ESD-Soft : simplifier, standardiser, renforcer le syst\u00e8me des \u00e9tats sommes dues ; am\u00e9liorer le syst\u00e8me d\u2019archivage des sommes dues, etc. Cette nouvelle application qui a d\u00e9j\u00e0 fait ses preuves au sein des services du minist\u00e8re des Finances propose une utilisation simplifi\u00e9e. De fa\u00e7on ramass\u00e9e, l\u2019utilisateur a acc\u00e8s \u00e0 la plateforme via un nom d\u2019utilisateur et un mot de passe. Par la suite son interface de travail lui est pr\u00e9sent\u00e9e et en fonction de l\u2019ESD (entendu l\u2019ensemble de primes, indemnit\u00e9s, avancement, reclassements \u00e0 payer\u00a0\u00a0un agent public, ainsi que sur la consultation des archives) qu\u2019il devra traiter, il lui suffira d\u2019effectuer un choix et de renseigner tous les champs avec les informations \u00e0 sa disposition. ESD-Soft, propose alors trois modules \u00e0 ses utilisateurs le module des \u00e9tats sommes dues, celui de l\u2019archivage et enfin celui de la statistique. Notons ici que la plateforme dispose de tous les bar\u00e8mes n\u00e9cessaires au calcul des sommes dues.<\/p>\n<p><strong>Lire aussi <\/strong>: <strong><a href=\"https:\/\/ecomatin.net\/regulation-budgetaire-le-minfi-reprecise-les-mesures-contre-laggravation-du-deficit\/\">R\u00e9gulation budg\u00e9taire: le Minfi repr\u00e9cise les mesures contre l\u2019aggravation du d\u00e9ficit<\/a><\/strong><\/p>\n<p>Pour une meilleure appropriation de celle-ci des s\u00e9minaires de formation ont d\u00e9but\u00e9 ce 27 octobre 2021, aupr\u00e8s des autres administrations publiques. Au total huit \u00e9quipes se feront form\u00e9es selon un agenda pr\u00e9\u00e9tabli par le minist\u00e8re des Finances.<\/p>\n<p>L\u2019article <a rel=\"nofollow\" href=\"https:\/\/ecomatin.net\/le-ministere-des-finances-lance-une-application-pour-optimiser-la-gestion-des-rappels-de-solde\/\">Le minist\u00e8re des Finances lance une application pour optimiser la gestion des rappels de solde<\/a> est apparu en premier sur <a rel=\"nofollow\" href=\"https:\/\/ecomatin.net\/\">EcoMatin<\/a>.<\/p>\n<\/div>\n<p>Auteur: Cindy MBALA<br \/>\n<a href=\"https:\/\/ecomatin.net\/le-ministere-des-finances-lance-une-application-pour-optimiser-la-gestion-des-rappels-de-solde\/\">Cliquez ici pour lire l&rsquo;article depuis sa source.<\/a><\/p>\n","protected":false},"excerpt":{"rendered":"<p>Le personnel en charge de la gestion des soldes peut d\u00e9sormais pousser un ouf de soulagement. Et pour cause le minist\u00e8re des Finances \u00e0 travers la Direction de la d\u00e9pense, de la pension et du personnel (Ddpp) vient de rendre op\u00e9rationnel une application qui prendra en charge les sommes dues (que sont les rappels et [&hellip;]<\/p>\n","protected":false},"author":1969,"featured_media":0,"comment_status":"closed","ping_status":"closed","sticky":false,"template":"","format":"standard","meta":{"fifu_image_url":"","fifu_image_alt":"","footnotes":""},"categories":[82,78],"tags":[],"class_list":["post-131194","post","type-post","status-publish","format-standard","hentry","category-cameroun","category-economie"],"_links":{"self":[{"href":"https:\/\/linitiative.ca\/International\/wp-json\/wp\/v2\/posts\/131194","targetHints":{"allow":["GET"]}}],"collection":[{"href":"https:\/\/linitiative.ca\/International\/wp-json\/wp\/v2\/posts"}],"about":[{"href":"https:\/\/linitiative.ca\/International\/wp-json\/wp\/v2\/types\/post"}],"author":[{"embeddable":true,"href":"https:\/\/linitiative.ca\/International\/wp-json\/wp\/v2\/users\/1969"}],"replies":[{"embeddable":true,"href":"https:\/\/linitiative.ca\/International\/wp-json\/wp\/v2\/comments?post=131194"}],"version-history":[{"count":0,"href":"https:\/\/linitiative.ca\/International\/wp-json\/wp\/v2\/posts\/131194\/revisions"}],"wp:attachment":[{"href":"https:\/\/linitiative.ca\/International\/wp-json\/wp\/v2\/media?parent=131194"}],"wp:term":[{"taxonomy":"category","embeddable":true,"href":"https:\/\/linitiative.ca\/International\/wp-json\/wp\/v2\/categories?post=131194"},{"taxonomy":"post_tag","embeddable":true,"href":"https:\/\/linitiative.ca\/International\/wp-json\/wp\/v2\/tags?post=131194"}],"curies":[{"name":"wp","href":"https:\/\/api.w.org\/{rel}","templated":true}]}}