{"id":131199,"date":"2021-10-28T08:00:43","date_gmt":"2021-10-28T12:00:43","guid":{"rendered":"https:\/\/linitiative.ca\/International\/une-centaine-dexperts-monte-au-creneau\/"},"modified":"2021-10-28T08:00:43","modified_gmt":"2021-10-28T12:00:43","slug":"une-centaine-dexperts-monte-au-creneau","status":"publish","type":"post","link":"https:\/\/linitiative.ca\/International\/une-centaine-dexperts-monte-au-creneau\/","title":{"rendered":"Une centaine d\u2019experts monte au cr\u00e9neau"},"content":{"rendered":"<div>\n<p><img loading=\"lazy\" decoding=\"async\" width=\"300\" height=\"153\" src=\"https:\/\/linitiative.ca\/International\/wp-content\/uploads\/sites\/23\/2021\/10\/Tabac-Cigarette-300x153-1.jpg\" class=\"attachment-medium size-medium wp-post-image\" alt=\"\" srcset=\"https:\/\/linitiative.ca\/International\/wp-content\/uploads\/sites\/23\/2021\/10\/Tabac-Cigarette-300x153-1.jpg 300w, https:\/\/aujourdhui.ma\/wp-content\/uploads\/2021\/09\/Tabac-Cigarette-274x140.jpg 274w, https:\/\/aujourdhui.ma\/wp-content\/uploads\/2021\/09\/Tabac-Cigarette.jpg 746w, https:\/\/aujourdhui.ma\/wp-content\/uploads\/2021\/09\/Tabac-Cigarette-165x84.jpg 165w, https:\/\/aujourdhui.ma\/wp-content\/uploads\/2021\/09\/Tabac-Cigarette-702x358.jpg 702w\" sizes=\"auto, (max-width: 300px) 100vw, 300px\"><\/p>\n<p><span style=\"color: #800000;\"><strong>Face \u00e0 la lenteur de la transformation du march\u00e9 du tabac vers des produits \u00e0 faible risque<\/strong><\/span><span id=\"more-390026\"><\/span><\/p>\n<p>Ils sont une centaine de sp\u00e9cialistes en science, politique et pratique de la nicotine \u00e0 tirer la sonnette d\u2019alarme quant \u00e0 la mortalit\u00e9 due \u00e0 la consommation du tabac fum\u00e9. Les experts ont adress\u00e9, en date du 18 octobre, une lettre aux chefs de d\u00e9l\u00e9gation et aux parties \u00e0 la neuvi\u00e8me session de la convention-cadre de l\u2019OMS pour la lutte antitabac soulignant dans ce sens le besoin urgent de r\u00e9duire le nombre de d\u00e9c\u00e8s dus au tabac fum\u00e9. Principal message \u00e9mis : les parties doivent mettre l\u2019Organisation mondiale de la sant\u00e9 (OMS) au d\u00e9fi de moderniser son approche de la politique sur le tabac. \u00abNous sommes des experts ind\u00e9pendants en mati\u00e8re de science et de politique du tabac et de la nicotine.<\/p>\n<p>Nous \u00e9crivons pour demander instamment aux parties \u00e0 la CCLAT d\u2019encourager l\u2019OMS \u00e0 supporter et promouvoir l\u2019inclusion de la r\u00e9duction des m\u00e9faits du tabac dans la convention-cadre de l\u2019OMS pour la lutte antitabac\u00bb, peut- on lire dans cette lettre. Et de rappeler qu\u2019\u00abau cours des dix derni\u00e8res ann\u00e9es, l\u2019innovation sur le march\u00e9 du tabac et de la nicotine a permis de mettre sur le march\u00e9 de nombreux produits \u00e0 base de nicotine qui n\u2019impliquent pas la combustion de feuilles de tabac et l\u2019inhalation de fum\u00e9e. Ces produits sans fum\u00e9e comprennent les produits de vapotage, les nouveaux sachets de nicotine orale, les produits du tabac chauff\u00e9 et le tabac sans fum\u00e9e \u00e0 faible teneur en nitrosamine, comme le snus\u00bb. Les experts pointent du doigt l\u2019indiff\u00e9rence de l\u2019OMS quant au r\u00f4le que joueraient ces nouveaux produits \u00e0 nicotine sans fum\u00e9e dans la r\u00e9duction des m\u00e9faits du tabagisme. \u00abL\u2019OMS n\u2019a pas tenu compte de la possibilit\u00e9 de transformer le march\u00e9 du tabac en passant des produits \u00e0 haut risque aux produits \u00e0 faible risque.<\/p>\n<p>L\u2019Organisation tourne le dos \u00e0 une strat\u00e9gie de sant\u00e9 publique qui pourrait \u00e9viter des millions de d\u00e9c\u00e8s li\u00e9s au tabagisme\u00bb, constatent-ils. Retour sur les principaux constats et recommandations dress\u00e9s par 100 experts issus de quatre coins du monde. Les atouts d\u2019un march\u00e9 de tabac \u00e0 faible risque Dans leur argumentaire, les signataires ont mis l\u2019accent sur sept faits appuyant la transformation du march\u00e9 de tabac vers des produits \u00e0 faible risque. Parmi les constats \u00e9tablis, on note que la r\u00e9duction des m\u00e9faits du tabac pr\u00e9sente d\u2019importantes possibilit\u00e9s en mati\u00e8re de sant\u00e9 publique. \u00abBien que les preuves sugg\u00e8rent que le vapotage augmente actuellement le sevrage tabagique, l\u2019impact pourrait \u00eatre beaucoup plus important si la communaut\u00e9 de la sant\u00e9 publique pr\u00eatait s\u00e9rieusement attention au potentiel du vapotage pour aider les fumeurs adultes, si les fumeurs recevaient des informations pr\u00e9cises sur les risques relatifs au vapotage et au tabagisme et si les politiques \u00e9taient con\u00e7ues en tenant compte des effets potentiels sur les fumeurs.<\/p>\n<p>Mais ce n\u2019est pas le cas\u00bb, lit-on \u00e0 cet effet. Les experts rappellent aussi que la r\u00e9duction des m\u00e9faits du tabac peut contribuer aux objectifs du d\u00e9veloppement durable. Ils mettent par ailleurs en \u00e9vidence les principales \u00e9valuations r\u00e9glementaires qui appuient les produits du tabac chauff\u00e9. D\u2019autant plus que l\u2019administration am\u00e9ricaine des denr\u00e9es alimentaires et des m\u00e9dicaments (FDA) avait conclu auparavant que le produit est appropri\u00e9 pour la protection de la sant\u00e9 publique. Le FDA avait par ailleurs soulign\u00e9 que la divulgation au public du fait qu\u2019il a permis de r\u00e9duire consid\u00e9rablement les expositions humaines aux substances toxiques est \u00abappropri\u00e9e pour la promotion de la sant\u00e9 publique\u00bb. \u00abLes donn\u00e9es du march\u00e9 montrent une baisse sans pr\u00e9c\u00e9dent de plus de 40% du volume de cigarettes conventionnelles et de cigarillos vendus au Japon entre 2015 et 2020.<\/p>\n<p>Pourtant, ces r\u00e9sultats importants ne sont pas reconnus par l\u2019OMS dans son r\u00e9cent document pour la COP9 sur les produits du tabac nouveaux et \u00e9mergents \u00bb, indiquent les 100 experts dans leur lettre. A l\u2019heure o\u00f9 l\u2019OMS continue de plaider en faveur de l\u2019interdiction des alternatives au tabac \u00e0 faible risque, les experts signataires exhortent les d\u00e9cideurs politiques \u00e0 reconna\u00eetre les cons\u00e9quences involontaires des propositions de politiques. Ce que recommandent les experts La lettre des 100 experts a \u00e9t\u00e9 appuy\u00e9e par des recommandations de taille. Les signataires appellent ainsi les parties \u00e0 la CCLAT \u00e0 adopter une approche plus interrogative et plus ferme \u00e0 l\u2019\u00e9gard du plaidoyer de l\u2019OMS en faveur d\u2019une alternative sans fum\u00e9e au tabagisme. Une s\u00e9rie de mesures est \u00e0 actionner. Il s\u2019agit de faire de la r\u00e9duction des m\u00e9faits du tabac une composante de la strat\u00e9gie mondiale visant \u00e0 atteindre les objectifs de d\u00e9veloppement durable en mati\u00e8re de sant\u00e9, \u00abnotamment la cible 3.4 relative aux maladies non transmissibles \u00bb.<\/p>\n<p>Les experts insistent pour que toute analyse politique de l\u2019OMS \u00e9value correctement les avantages pour les fumeurs ou les fumeurs potentiels, y compris les adolescents, ainsi que les risques pour les utilisateurs et les non- utilisateurs de ces produits. Il est \u00e9galement recommand\u00e9 d\u2019exiger que toute proposition de politique, en particulier les interdictions, refl\u00e8te les risques de cons\u00e9quences involontaires, y compris les augmentations potentielles du tabagisme et d\u2019autres r\u00e9actions n\u00e9gatives. Les signataires revendiquent \u00e9galement l\u2019application correcte de l\u2019article 5.3 de la CCLAT. La finalit\u00e9 \u00e9tant de lutter contre les v\u00e9ritables abus de l\u2019industrie du tabac, mais pas pour cr\u00e9er un obstacle contre- productif aux produits \u00e0 risque r\u00e9duit qui pr\u00e9sentent des avantages pour la sant\u00e9 publique ou pour emp\u00eacher l\u2019\u00e9valuation critique des donn\u00e9es de l\u2019industrie sur la base stricte de leurs m\u00e9rites scientifiques.<\/p>\n<\/div>\n<p>Auteur: ALM<br \/>\n<a href=\"https:\/\/aujourdhui.ma\/societe\/une-centaine-dexperts-monte-au-creneau\">Cliquez ici pour lire l&rsquo;article depuis sa source.<\/a><\/p>\n","protected":false},"excerpt":{"rendered":"<p>Face \u00e0 la lenteur de la transformation du march\u00e9 du tabac vers des produits \u00e0 faible risque Ils sont une centaine de sp\u00e9cialistes en science, politique et pratique de la nicotine \u00e0 tirer la sonnette d\u2019alarme quant \u00e0 la mortalit\u00e9 due \u00e0 la consommation du tabac fum\u00e9. Les experts ont adress\u00e9, en date du 18 [&hellip;]<\/p>\n","protected":false},"author":1759,"featured_media":0,"comment_status":"closed","ping_status":"closed","sticky":false,"template":"","format":"standard","meta":{"fifu_image_url":"https:\/\/aujourdhui.ma\/wp-content\/uploads\/2021\/09\/Tabac-Cigarette-300x153.jpg","fifu_image_alt":"Une centaine d\u2019experts monte au cr\u00e9neau","footnotes":""},"categories":[73,54],"tags":[],"class_list":["post-131199","post","type-post","status-publish","format-standard","hentry","category-actualite","category-maroc"],"_links":{"self":[{"href":"https:\/\/linitiative.ca\/International\/wp-json\/wp\/v2\/posts\/131199","targetHints":{"allow":["GET"]}}],"collection":[{"href":"https:\/\/linitiative.ca\/International\/wp-json\/wp\/v2\/posts"}],"about":[{"href":"https:\/\/linitiative.ca\/International\/wp-json\/wp\/v2\/types\/post"}],"author":[{"embeddable":true,"href":"https:\/\/linitiative.ca\/International\/wp-json\/wp\/v2\/users\/1759"}],"replies":[{"embeddable":true,"href":"https:\/\/linitiative.ca\/International\/wp-json\/wp\/v2\/comments?post=131199"}],"version-history":[{"count":0,"href":"https:\/\/linitiative.ca\/International\/wp-json\/wp\/v2\/posts\/131199\/revisions"}],"wp:attachment":[{"href":"https:\/\/linitiative.ca\/International\/wp-json\/wp\/v2\/media?parent=131199"}],"wp:term":[{"taxonomy":"category","embeddable":true,"href":"https:\/\/linitiative.ca\/International\/wp-json\/wp\/v2\/categories?post=131199"},{"taxonomy":"post_tag","embeddable":true,"href":"https:\/\/linitiative.ca\/International\/wp-json\/wp\/v2\/tags?post=131199"}],"curies":[{"name":"wp","href":"https:\/\/api.w.org\/{rel}","templated":true}]}}