{"id":131201,"date":"2021-10-28T10:21:12","date_gmt":"2021-10-28T14:21:12","guid":{"rendered":"https:\/\/linitiative.ca\/International\/covid-19-prolongation-de-letat-durgence-sanitaire-jusquau-30-novembre-2021\/"},"modified":"2021-10-28T10:21:12","modified_gmt":"2021-10-28T14:21:12","slug":"covid-19-prolongation-de-letat-durgence-sanitaire-jusquau-30-novembre-2021","status":"publish","type":"post","link":"https:\/\/linitiative.ca\/International\/covid-19-prolongation-de-letat-durgence-sanitaire-jusquau-30-novembre-2021\/","title":{"rendered":"Covid-19: prolongation de l\u2019\u00e9tat d\u2019urgence sanitaire jusqu\u2019au 30 novembre 2021"},"content":{"rendered":"<div>\n<p><img loading=\"lazy\" decoding=\"async\" width=\"300\" height=\"153\" src=\"https:\/\/linitiative.ca\/International\/wp-content\/uploads\/sites\/23\/2021\/10\/Urgence-sanitaire-police-300x153-1.jpg\" class=\"attachment-medium size-medium wp-post-image\" alt=\"\" srcset=\"https:\/\/linitiative.ca\/International\/wp-content\/uploads\/sites\/23\/2021\/10\/Urgence-sanitaire-police-300x153-1.jpg 300w, https:\/\/aujourdhui.ma\/wp-content\/uploads\/2020\/11\/Urgence-sanitaire-police-274x140.jpg 274w, https:\/\/aujourdhui.ma\/wp-content\/uploads\/2020\/11\/Urgence-sanitaire-police.jpg 746w, https:\/\/aujourdhui.ma\/wp-content\/uploads\/2020\/11\/Urgence-sanitaire-police-165x84.jpg 165w, https:\/\/aujourdhui.ma\/wp-content\/uploads\/2020\/11\/Urgence-sanitaire-police-702x358.jpg 702w\" sizes=\"auto, (max-width: 300px) 100vw, 300px\"><\/p>\n<p><span style=\"color: #800000;\"><strong><span style=\"font-size: 20px;\">Le Conseil de gouvernement, r\u00e9uni jeudi \u00e0 Rabat, a d\u00e9cid\u00e9 de prolonger l\u2019\u00e9tat d\u2019urgence sanitaire sur l\u2019ensemble du territoire national jusqu\u2019au 30 novembre 2021, et ce dans le cadre des efforts de lutte contre la propagation de la pand\u00e9mie du nouveau coronavirus (Covid-19).<\/span><\/strong><\/span><span id=\"more-390046\"><\/span><\/p>\n<p>L\u2019\u00e9tat d\u2019urgence sanitaire a \u00e9t\u00e9 prolong\u00e9 d\u2019un mois au lieu de deux, comme c\u2019\u00e9tait le cas pr\u00e9c\u00e9demment, a indiqu\u00e9 le Porte-parole du gouvernement, Mustapha Baitas, lors d\u2019un point de presse tenu \u00e0 l\u2019issue du Conseil.<\/p>\n<\/div>\n<p>Auteur: ALM<br \/>\n<a href=\"https:\/\/aujourdhui.ma\/actualite\/covid-19-prolongation-de-letat-durgence-sanitaire-jusquau-30-novembre-2021\">Cliquez ici pour lire l&rsquo;article depuis sa source.<\/a><\/p>\n","protected":false},"excerpt":{"rendered":"<p>Le Conseil de gouvernement, r\u00e9uni jeudi \u00e0 Rabat, a d\u00e9cid\u00e9 de prolonger l\u2019\u00e9tat d\u2019urgence sanitaire sur l\u2019ensemble du territoire national jusqu\u2019au 30 novembre 2021, et ce dans le cadre des efforts de lutte contre la propagation de la pand\u00e9mie du nouveau coronavirus (Covid-19). L\u2019\u00e9tat d\u2019urgence sanitaire a \u00e9t\u00e9 prolong\u00e9 d\u2019un mois au lieu de deux, [&hellip;]<\/p>\n","protected":false},"author":1759,"featured_media":0,"comment_status":"closed","ping_status":"closed","sticky":false,"template":"","format":"standard","meta":{"fifu_image_url":"https:\/\/aujourdhui.ma\/wp-content\/uploads\/2020\/11\/Urgence-sanitaire-police-300x153.jpg","fifu_image_alt":"Covid-19: prolongation de l\u2019\u00e9tat d\u2019urgence sanitaire jusqu\u2019au 30 novembre 2021","footnotes":""},"categories":[73,54],"tags":[],"class_list":["post-131201","post","type-post","status-publish","format-standard","hentry","category-actualite","category-maroc"],"_links":{"self":[{"href":"https:\/\/linitiative.ca\/International\/wp-json\/wp\/v2\/posts\/131201","targetHints":{"allow":["GET"]}}],"collection":[{"href":"https:\/\/linitiative.ca\/International\/wp-json\/wp\/v2\/posts"}],"about":[{"href":"https:\/\/linitiative.ca\/International\/wp-json\/wp\/v2\/types\/post"}],"author":[{"embeddable":true,"href":"https:\/\/linitiative.ca\/International\/wp-json\/wp\/v2\/users\/1759"}],"replies":[{"embeddable":true,"href":"https:\/\/linitiative.ca\/International\/wp-json\/wp\/v2\/comments?post=131201"}],"version-history":[{"count":0,"href":"https:\/\/linitiative.ca\/International\/wp-json\/wp\/v2\/posts\/131201\/revisions"}],"wp:attachment":[{"href":"https:\/\/linitiative.ca\/International\/wp-json\/wp\/v2\/media?parent=131201"}],"wp:term":[{"taxonomy":"category","embeddable":true,"href":"https:\/\/linitiative.ca\/International\/wp-json\/wp\/v2\/categories?post=131201"},{"taxonomy":"post_tag","embeddable":true,"href":"https:\/\/linitiative.ca\/International\/wp-json\/wp\/v2\/tags?post=131201"}],"curies":[{"name":"wp","href":"https:\/\/api.w.org\/{rel}","templated":true}]}}