{"id":131203,"date":"2021-10-28T11:23:43","date_gmt":"2021-10-28T15:23:43","guid":{"rendered":"https:\/\/linitiative.ca\/International\/covid-19-maroc-la-situation-epidemiologique-au-28-octobre-2021-a-16h00\/"},"modified":"2021-10-28T11:23:43","modified_gmt":"2021-10-28T15:23:43","slug":"covid-19-maroc-la-situation-epidemiologique-au-28-octobre-2021-a-16h00","status":"publish","type":"post","link":"https:\/\/linitiative.ca\/International\/covid-19-maroc-la-situation-epidemiologique-au-28-octobre-2021-a-16h00\/","title":{"rendered":"Covid-19 \/ Maroc : La situation \u00e9pid\u00e9miologique au 28 octobre 2021 \u00e0 16H00"},"content":{"rendered":"<div>\n<p><img loading=\"lazy\" decoding=\"async\" width=\"300\" height=\"153\" src=\"https:\/\/linitiative.ca\/International\/wp-content\/uploads\/sites\/23\/2021\/10\/Coronavirus-Covid-19-Maroc-300x153-1.jpg\" class=\"attachment-medium size-medium wp-post-image\" alt=\"\" srcset=\"https:\/\/linitiative.ca\/International\/wp-content\/uploads\/sites\/23\/2021\/10\/Coronavirus-Covid-19-Maroc-300x153-1.jpg 300w, https:\/\/aujourdhui.ma\/wp-content\/uploads\/2020\/06\/Coronavirus-Covid-19-Maroc-274x140.jpg 274w, https:\/\/aujourdhui.ma\/wp-content\/uploads\/2020\/06\/Coronavirus-Covid-19-Maroc.jpg 746w, https:\/\/aujourdhui.ma\/wp-content\/uploads\/2020\/06\/Coronavirus-Covid-19-Maroc-165x84.jpg 165w, https:\/\/aujourdhui.ma\/wp-content\/uploads\/2020\/06\/Coronavirus-Covid-19-Maroc-702x358.jpg 702w\" sizes=\"auto, (max-width: 300px) 100vw, 300px\"><\/p>\n<p><span style=\"font-size: 20px; color: #800000;\"><strong>Entre hier \u00e0 16H00 et aujourd\u2019hui \u00e0 16H00<\/strong><\/span><span id=\"more-389933\"><\/span><span id=\"more-390048\"><\/span><\/p>\n<div class=\"page\" title=\"Page 1\">\n<div class=\"section\">\n<div class=\"layoutArea\">\n<div class=\"column\">\n<p>303 nouveaux cas soit un cumul de\u00a0<span id=\"page3R_mcid117\" class=\"markedContent\"> 945 504 <\/span>cas \u00e0 ce jour.<br \/>\n386 gu\u00e9risons soit un cumul de 925 820 \u00e0 ce jour.<br \/>\n7 nouveaux d\u00e9c\u00e8s donc un cumul de\u00a014 654<span id=\"page3R_mcid140\" class=\"markedContent\"> <\/span> \u00e0 ce jour.<\/p>\n<\/div>\n<\/div>\n<\/div>\n<\/div>\n<p><span style=\"color: #ff0000;\"><strong>Nombre de personnes vaccin\u00e9es au 28 octobre 16H00<\/strong><\/span><\/p>\n<p><span style=\"color: #800000;\">1\u00e8re dose : <\/span><strong><span id=\"page3R_mcid84\" class=\"markedContent\"><span dir=\"ltr\" role=\"presentation\">24 127 126<\/span><\/span><\/strong><\/p>\n<p><span style=\"color: #800000;\">2\u00e8me dose :<\/span> <strong><span id=\"page3R_mcid76\" class=\"markedContent\"><span dir=\"ltr\" role=\"presentation\">21 936 348<\/span><\/span><\/strong><\/p>\n<p><span style=\"color: #800000;\">3\u00e8me dose : <\/span><strong><span id=\"page3R_mcid69\" class=\"markedContent\"><span dir=\"ltr\" role=\"presentation\">1 328 001<\/span><\/span><\/strong><\/p>\n<p><a href=\"https:\/\/linitiative.ca\/International\/wp-content\/uploads\/sites\/23\/2021\/10\/coronavirus28102021_page-0001.jpg\"><img loading=\"lazy\" decoding=\"async\" class=\"aligncenter size-full wp-image-390051\" src=\"https:\/\/linitiative.ca\/International\/wp-content\/uploads\/sites\/23\/2021\/10\/coronavirus28102021_page-0001.jpg\" alt=\"\" width=\"1241\" height=\"1755\" srcset=\"https:\/\/linitiative.ca\/International\/wp-content\/uploads\/sites\/23\/2021\/10\/coronavirus28102021_page-0001.jpg 1241w, https:\/\/aujourdhui.ma\/wp-content\/uploads\/2021\/10\/coronavirus28102021_page-0001-212x300.jpg 212w, https:\/\/aujourdhui.ma\/wp-content\/uploads\/2021\/10\/coronavirus28102021_page-0001-724x1024.jpg 724w, https:\/\/aujourdhui.ma\/wp-content\/uploads\/2021\/10\/coronavirus28102021_page-0001-768x1086.jpg 768w, https:\/\/aujourdhui.ma\/wp-content\/uploads\/2021\/10\/coronavirus28102021_page-0001-1086x1536.jpg 1086w\" sizes=\"auto, (max-width: 1241px) 100vw, 1241px\"><\/a> <a href=\"https:\/\/linitiative.ca\/International\/wp-content\/uploads\/sites\/23\/2021\/10\/coronavirus28102021_page-0002.jpg\"><img loading=\"lazy\" decoding=\"async\" class=\"aligncenter size-full wp-image-390052\" src=\"https:\/\/linitiative.ca\/International\/wp-content\/uploads\/sites\/23\/2021\/10\/coronavirus28102021_page-0002.jpg\" alt=\"\" width=\"1241\" height=\"1755\" srcset=\"https:\/\/linitiative.ca\/International\/wp-content\/uploads\/sites\/23\/2021\/10\/coronavirus28102021_page-0002.jpg 1241w, https:\/\/aujourdhui.ma\/wp-content\/uploads\/2021\/10\/coronavirus28102021_page-0002-212x300.jpg 212w, https:\/\/aujourdhui.ma\/wp-content\/uploads\/2021\/10\/coronavirus28102021_page-0002-724x1024.jpg 724w, https:\/\/aujourdhui.ma\/wp-content\/uploads\/2021\/10\/coronavirus28102021_page-0002-768x1086.jpg 768w, https:\/\/aujourdhui.ma\/wp-content\/uploads\/2021\/10\/coronavirus28102021_page-0002-1086x1536.jpg 1086w\" sizes=\"auto, (max-width: 1241px) 100vw, 1241px\"><\/a> <a href=\"https:\/\/linitiative.ca\/International\/wp-content\/uploads\/sites\/23\/2021\/10\/coronavirus28102021_page-0003.jpg\"><img loading=\"lazy\" decoding=\"async\" class=\"aligncenter size-full wp-image-390053\" src=\"https:\/\/linitiative.ca\/International\/wp-content\/uploads\/sites\/23\/2021\/10\/coronavirus28102021_page-0003.jpg\" alt=\"\" width=\"1241\" height=\"1755\" srcset=\"https:\/\/linitiative.ca\/International\/wp-content\/uploads\/sites\/23\/2021\/10\/coronavirus28102021_page-0003.jpg 1241w, https:\/\/aujourdhui.ma\/wp-content\/uploads\/2021\/10\/coronavirus28102021_page-0003-212x300.jpg 212w, https:\/\/aujourdhui.ma\/wp-content\/uploads\/2021\/10\/coronavirus28102021_page-0003-724x1024.jpg 724w, https:\/\/aujourdhui.ma\/wp-content\/uploads\/2021\/10\/coronavirus28102021_page-0003-768x1086.jpg 768w, https:\/\/aujourdhui.ma\/wp-content\/uploads\/2021\/10\/coronavirus28102021_page-0003-1086x1536.jpg 1086w\" sizes=\"auto, (max-width: 1241px) 100vw, 1241px\"><\/a> <a href=\"https:\/\/linitiative.ca\/International\/wp-content\/uploads\/sites\/23\/2021\/10\/coronavirus28102021_page-0004.jpg\"><img loading=\"lazy\" decoding=\"async\" class=\"aligncenter size-full wp-image-390054\" src=\"https:\/\/linitiative.ca\/International\/wp-content\/uploads\/sites\/23\/2021\/10\/coronavirus28102021_page-0004.jpg\" alt=\"\" width=\"1241\" height=\"1755\" srcset=\"https:\/\/linitiative.ca\/International\/wp-content\/uploads\/sites\/23\/2021\/10\/coronavirus28102021_page-0004.jpg 1241w, https:\/\/aujourdhui.ma\/wp-content\/uploads\/2021\/10\/coronavirus28102021_page-0004-212x300.jpg 212w, https:\/\/aujourdhui.ma\/wp-content\/uploads\/2021\/10\/coronavirus28102021_page-0004-724x1024.jpg 724w, https:\/\/aujourdhui.ma\/wp-content\/uploads\/2021\/10\/coronavirus28102021_page-0004-768x1086.jpg 768w, https:\/\/aujourdhui.ma\/wp-content\/uploads\/2021\/10\/coronavirus28102021_page-0004-1086x1536.jpg 1086w\" sizes=\"auto, (max-width: 1241px) 100vw, 1241px\"><\/a><\/p>\n<\/div>\n<p>Auteur: ALM<br \/>\n<a href=\"https:\/\/aujourdhui.ma\/societe\/covid-19-maroc-la-situation-epidemiologique-au-28-octobre-2021-a-16h00\">Cliquez ici pour lire l&rsquo;article depuis sa source.<\/a><\/p>\n","protected":false},"excerpt":{"rendered":"<p>Entre hier \u00e0 16H00 et aujourd\u2019hui \u00e0 16H00 303 nouveaux cas soit un cumul de\u00a0 945 504 cas \u00e0 ce jour. 386 gu\u00e9risons soit un cumul de 925 820 \u00e0 ce jour. 7 nouveaux d\u00e9c\u00e8s donc un cumul de\u00a014 654 \u00e0 ce jour. Nombre de personnes vaccin\u00e9es au 28 octobre 16H00 1\u00e8re dose : 24 [&hellip;]<\/p>\n","protected":false},"author":1759,"featured_media":0,"comment_status":"closed","ping_status":"closed","sticky":false,"template":"","format":"standard","meta":{"fifu_image_url":"https:\/\/aujourdhui.ma\/wp-content\/uploads\/2020\/06\/Coronavirus-Covid-19-Maroc-300x153.jpg","fifu_image_alt":"Covid-19 \/ Maroc : La situation \u00e9pid\u00e9miologique au 28 octobre 2021 \u00e0 16H00","footnotes":""},"categories":[73,54],"tags":[],"class_list":["post-131203","post","type-post","status-publish","format-standard","hentry","category-actualite","category-maroc"],"_links":{"self":[{"href":"https:\/\/linitiative.ca\/International\/wp-json\/wp\/v2\/posts\/131203","targetHints":{"allow":["GET"]}}],"collection":[{"href":"https:\/\/linitiative.ca\/International\/wp-json\/wp\/v2\/posts"}],"about":[{"href":"https:\/\/linitiative.ca\/International\/wp-json\/wp\/v2\/types\/post"}],"author":[{"embeddable":true,"href":"https:\/\/linitiative.ca\/International\/wp-json\/wp\/v2\/users\/1759"}],"replies":[{"embeddable":true,"href":"https:\/\/linitiative.ca\/International\/wp-json\/wp\/v2\/comments?post=131203"}],"version-history":[{"count":0,"href":"https:\/\/linitiative.ca\/International\/wp-json\/wp\/v2\/posts\/131203\/revisions"}],"wp:attachment":[{"href":"https:\/\/linitiative.ca\/International\/wp-json\/wp\/v2\/media?parent=131203"}],"wp:term":[{"taxonomy":"category","embeddable":true,"href":"https:\/\/linitiative.ca\/International\/wp-json\/wp\/v2\/categories?post=131203"},{"taxonomy":"post_tag","embeddable":true,"href":"https:\/\/linitiative.ca\/International\/wp-json\/wp\/v2\/tags?post=131203"}],"curies":[{"name":"wp","href":"https:\/\/api.w.org\/{rel}","templated":true}]}}