{"id":131209,"date":"2021-10-27T14:00:00","date_gmt":"2021-10-27T18:00:00","guid":{"rendered":"https:\/\/linitiative.ca\/International\/la-province-dessaouira-sur-la-carte-des-sites-archeologiques-dinteret-mondial\/"},"modified":"2021-10-27T14:00:00","modified_gmt":"2021-10-27T18:00:00","slug":"la-province-dessaouira-sur-la-carte-des-sites-archeologiques-dinteret-mondial","status":"publish","type":"post","link":"https:\/\/linitiative.ca\/International\/la-province-dessaouira-sur-la-carte-des-sites-archeologiques-dinteret-mondial\/","title":{"rendered":"La province d\u2019Essaouira sur la carte des sites arch\u00e9ologiques d\u2019int\u00e9r\u00eat mondial"},"content":{"rendered":"<div>\n<p class=\"has-text-align-center has-vivid-red-color has-text-color\"><strong>D\u00e9couverte d\u2019\u00e9l\u00e9ments de parure \u00e0 la grotte de Bizmoune<\/strong><\/p>\n<p class=\"has-black-color has-text-color\"><strong>La d\u00e9couverte \u00e0 la grotte de Bizmoune, dans la province d\u2019Essaouira, d\u2019\u00e9l\u00e9ments de parure mettant en \u00e9vidence le plus ancien comportement symbolique humain, a \u00e9t\u00e9 sous les feux des projecteurs lors d\u2019une journ\u00e9e d\u2019information organis\u00e9e, mardi, dans la Cit\u00e9 des Aliz\u00e9s.<\/strong><\/p>\n<p class=\"has-black-color has-text-color\">Initi\u00e9e par le minist\u00e8re de la Jeunesse, de la Culture et de la Communication, l\u2019Association Essaouira-Mogador et Essaouira Innovation Lab, cette rencontre, marqu\u00e9e par la participation d\u2019un parterre de chercheurs et d\u2019arch\u00e9ologues marocains et \u00e9trangers, ainsi que d\u2019acteurs de divers horizons, a \u00e9t\u00e9 l\u2019occasion de jeter la lumi\u00e8re sur cette d\u00e9couverte majeure de 32 coquilles fa\u00e7onn\u00e9es de gast\u00e9ropodes marins dans un niveau datant de 142.000 \u00e0 150.000, par une \u00e9quipe internationale de l\u2019Institut National des Sciences de l\u2019Arch\u00e9ologie et du patrimoine (INSAP), de l\u2019Universit\u00e9 d\u2019Arizona (Tucson, USA) et du Laboratoire M\u00e9diterran\u00e9en de Pr\u00e9histoire Europe Afrique (CNRS, LAMPEA, Aix-en-Provence, France).<\/p>\n<p class=\"has-black-color has-text-color\">S\u2019exprimant \u00e0 cette occasion, M. Andr\u00e9 Azoulay, Conseiller de SM le Roi et pr\u00e9sident-fondateur de l\u2019Association Essaouira- Mogador, a d\u00e9clar\u00e9 \u00ab\u00a0qu\u2019il s\u2019agit l\u00e0 des premiers indices de l\u2019humanit\u00e9 faisant appara\u00eetre l\u2019existence de relations structur\u00e9es entre les membres d\u2019un m\u00eame groupe ou de groupes diff\u00e9rents, cette parure illustrant pour la premi\u00e8re fois et \u00e0 sa fa\u00e7on l\u2019existence d\u2019une forme de langage, voire d\u2019une langue, \u00e0 l\u2019\u00e9poque de l\u2019Homo-Sapiens\u00a0\u00bb, tout en mettant en relief la place qui est celle d\u00e9sormais du Maroc depuis Essaouira dans la \u00ab\u00a0formidable histoire de la Terre et de l\u2019Humanit\u00e9\u00a0\u00bb.<\/p>\n<p class=\"has-black-color has-text-color\">De son c\u00f4t\u00e9, le directeur du patrimoine culturel au minist\u00e8re de la Culture, M. Youssef Khiara, a mis en exergue la port\u00e9e et l\u2019importance de cette d\u00e9couverte particuli\u00e8re, faisant savoir que le d\u00e9partement de tutelle se penche sur l\u2019\u00e9laboration du dossier de candidature du site de Bizmoune aux c\u00f4t\u00e9s d\u2019autres \u00e0 travers le Royaume, pour leur inscription sur la liste des sites pr\u00e9historiques de l\u2019UNESCO.<\/p>\n<p class=\"has-black-color has-text-color\">Pr\u00e9sentant cette \u00e9tude, M. Abdelajalil Bouzouggar, professeur \u00e0 l\u2019INSAP, a indiqu\u00e9 qu\u2019Essaouira constitue un territoire dens\u00e9ment peupl\u00e9 depuis des milliers d\u2019ann\u00e9es, mettant en avant le gisement important que rec\u00e8le cette partie du territoire national en termes de patrimoine et d\u2019informations cruciales sur l\u2019origine du comportement symbolique humain.<\/p>\n<p class=\"has-black-color has-text-color\">M. Bouzouggar, qui co-dirigeait les recherches au niveau de la grotte de Bizmoune, a pass\u00e9 en revue les principales conclusions de cette d\u00e9couverte et ses implications, expliquant que cette \u00e9tude a d\u00e9montr\u00e9 que la r\u00e9gion dispose d\u2019une flore vari\u00e9e datant de 150.000 ans et d\u2019une faune fossile tr\u00e8s riche.<\/p>\n<p class=\"has-black-color has-text-color\">\u00ab\u00a0En utilisant et en diffusant des objets de parure, l\u2019Homo sapiens \u00e0 Bizmoune a \u00e9crit pour la premi\u00e8re fois il y a 150.000 ans, une grande partie de l\u2019histoire du comportement symbolique de toute l\u2019humanit\u00e9\u00a0\u00bb, a-t-il dit.<\/p>\n<p class=\"has-black-color has-text-color\">Pour Philippe Fernandez, chercheur au CNRS en France, \u00ab\u00a0le contexte pal\u00e9o-\u00e9cologique des niveaux de Bizmoune joue un r\u00f4le extr\u00eamement important dans l\u2019\u00e9volution animale et l\u2019occupation de la grotte\u00a0\u00bb.<\/p>\n<p class=\"has-black-color has-text-color\">Pour sa part, Steve Kuhn, professeur \u00e0 l\u2019Universit\u00e9 d\u2019Arizona, a affirm\u00e9 que \u00ab\u00a0ces d\u00e9couvertes nous montrent que les mots \u00e0 caract\u00e8re social de ces humains \u00e9taient en train de se d\u00e9velopper. Ils apprenaient s\u00fbrement \u00e0 interagir et m\u00eame \u00e0 coop\u00e9rer avec des peuples diff\u00e9rents\u00a0\u00bb, notant qu\u2019Essaouira est \u00ab\u00a0connue comme un lieu o\u00f9 divers peuples vivaient en paix et les preuves de Bizmoune nous disent que cela a vraisemblablement \u00e9t\u00e9 le cas il y a 150.000 ans\u00a0\u00bb.<\/p>\n<p class=\"has-black-color has-text-color\">A l\u2019issue de cette rencontre, une visite guid\u00e9e a \u00e9t\u00e9 organis\u00e9e \u00e0 la grotte de Bizmoune, situ\u00e9e \u00e0 Jbel Hdid, o\u00f9 les recherches et les fouilles se poursuivent.<\/p>\n<p>L\u2019article <a rel=\"nofollow\" href=\"http:\/\/albayane.press.ma\/la-province-dessaouira-sur-la-carte-des-sites-archeologiques-dinteret-mondial.html\">La province d\u2019Essaouira sur la carte des sites arch\u00e9ologiques d\u2019int\u00e9r\u00eat mondial<\/a> est apparu en premier sur <a rel=\"nofollow\" href=\"http:\/\/albayane.press.ma\/\">ALBAYANE<\/a>.<\/p>\n<\/div>\n<p>Auteur: M&rsquo;hammed rahal<br \/>\n<a href=\"http:\/\/albayane.press.ma\/la-province-dessaouira-sur-la-carte-des-sites-archeologiques-dinteret-mondial.html\">Cliquez ici pour lire l&rsquo;article depuis sa source.<\/a><\/p>\n","protected":false},"excerpt":{"rendered":"<p>D\u00e9couverte d\u2019\u00e9l\u00e9ments de parure \u00e0 la grotte de Bizmoune La d\u00e9couverte \u00e0 la grotte de Bizmoune, dans la province d\u2019Essaouira, d\u2019\u00e9l\u00e9ments de parure mettant en \u00e9vidence le plus ancien comportement symbolique humain, a \u00e9t\u00e9 sous les feux des projecteurs lors d\u2019une journ\u00e9e d\u2019information organis\u00e9e, mardi, dans la Cit\u00e9 des Aliz\u00e9s. Initi\u00e9e par le minist\u00e8re de [&hellip;]<\/p>\n","protected":false},"author":1760,"featured_media":0,"comment_status":"closed","ping_status":"closed","sticky":false,"template":"","format":"standard","meta":{"fifu_image_url":"","fifu_image_alt":"","footnotes":""},"categories":[73,54],"tags":[],"class_list":["post-131209","post","type-post","status-publish","format-standard","hentry","category-actualite","category-maroc"],"_links":{"self":[{"href":"https:\/\/linitiative.ca\/International\/wp-json\/wp\/v2\/posts\/131209","targetHints":{"allow":["GET"]}}],"collection":[{"href":"https:\/\/linitiative.ca\/International\/wp-json\/wp\/v2\/posts"}],"about":[{"href":"https:\/\/linitiative.ca\/International\/wp-json\/wp\/v2\/types\/post"}],"author":[{"embeddable":true,"href":"https:\/\/linitiative.ca\/International\/wp-json\/wp\/v2\/users\/1760"}],"replies":[{"embeddable":true,"href":"https:\/\/linitiative.ca\/International\/wp-json\/wp\/v2\/comments?post=131209"}],"version-history":[{"count":0,"href":"https:\/\/linitiative.ca\/International\/wp-json\/wp\/v2\/posts\/131209\/revisions"}],"wp:attachment":[{"href":"https:\/\/linitiative.ca\/International\/wp-json\/wp\/v2\/media?parent=131209"}],"wp:term":[{"taxonomy":"category","embeddable":true,"href":"https:\/\/linitiative.ca\/International\/wp-json\/wp\/v2\/categories?post=131209"},{"taxonomy":"post_tag","embeddable":true,"href":"https:\/\/linitiative.ca\/International\/wp-json\/wp\/v2\/tags?post=131209"}],"curies":[{"name":"wp","href":"https:\/\/api.w.org\/{rel}","templated":true}]}}