{"id":131210,"date":"2021-10-27T14:00:00","date_gmt":"2021-10-27T18:00:00","guid":{"rendered":"https:\/\/linitiative.ca\/International\/bayt-dakira-un-haut-lieu-denseignement-des-valeurs-de-tolerance-et-de-coexistence\/"},"modified":"2021-10-27T14:00:00","modified_gmt":"2021-10-27T18:00:00","slug":"bayt-dakira-un-haut-lieu-denseignement-des-valeurs-de-tolerance-et-de-coexistence","status":"publish","type":"post","link":"https:\/\/linitiative.ca\/International\/bayt-dakira-un-haut-lieu-denseignement-des-valeurs-de-tolerance-et-de-coexistence\/","title":{"rendered":"\u00abBayt Dakira\u00bb, un haut lieu d\u2019enseignement des valeurs de tol\u00e9rance et de coexistence"},"content":{"rendered":"<div>\n<p class=\"has-text-align-center has-vivid-red-color has-text-color\"><strong>L\u2019ancien pr\u00e9sident du Nig\u00e9ria \u00a0Obasanjo\u00a0:<\/strong><\/p>\n<p class=\"has-black-color has-text-color\"><strong>L\u2019espace \u00ab\u00a0Bayt Dakira\u00a0\u00bb se veut un \u00ab\u00a0haut lieu d\u2019enseignement des valeurs de tol\u00e9rance et de coexistence\u00a0\u00bb, qui promeut la convergence entre l\u2019Islam et le Juda\u00efsme, a soulign\u00e9, mardi \u00e0 Essaouira, M. Olusegun Obasanjo, ancien pr\u00e9sident du Nig\u00e9ria et pr\u00e9sident actuel de la Fondation Brenthurst-Oppenheimer.<\/strong><\/p>\n<p class=\"has-black-color has-text-color\">\u00ab\u00a0Je n\u2019ai jamais visit\u00e9 un lieu qui promeut la convergence entre l\u2019Islam et le Juda\u00efsme comme je l\u2019ai constat\u00e9 de visu \u00e0 Essaouira. Cela devrait \u00eatre une tr\u00e8s bonne le\u00e7on pour tous les hommes et femmes de bonne foi dans le monde\u00a0\u00bb, a-t-il soulign\u00e9 dans une d\u00e9claration \u00e0 la MAP, en marge de la visite des membres du conseil d\u2019administration de la Fondation Brenthurst-Oppenheimer \u00e0 \u00ab\u00a0Bayt Dakira\u00a0\u00bb, un espace spirituel et patrimonial de pr\u00e9servation et de valorisation de la m\u00e9moire jud\u00e9o-marocaine.<\/p>\n<p class=\"has-black-color has-text-color\">A Bayt Dakira, \u00ab\u00a0nous vivons la fraternit\u00e9 qui unit l\u2019Humanit\u00e9 : nous sommes \u00e9gaux quelle que soit notre religion ou notre race\u00a0\u00bb, a-t-il soutenu.<\/p>\n<p class=\"has-black-color has-text-color\">Mettant en avant le leadership clairvoyant de SM. le Roi Mohammed VI, M. Obansajo a mis en exergue \u00ab\u00a0l\u2019enracinement du Maroc dans une histoire plusieurs fois mill\u00e9naire, incarn\u00e9e par Essaouira, cit\u00e9 embl\u00e9matique de l\u2019exceptionnelle diversit\u00e9 de nos spiritualit\u00e9s respectives\u00a0\u00bb.<\/p>\n<p class=\"has-black-color has-text-color\">D\u2019\u00e9minentes personnalit\u00e9s, membres du conseil d\u2019administration de la prestigieuse Fondation sud-africaine Brenthurst-Oppenheimer, ont effectu\u00e9, mardi, une visite \u00e0 l\u2019Espace \u00ab\u00a0Bayt Dakira\u00a0\u00bb \u00e0 Essaouira.<\/p>\n<p class=\"has-black-color has-text-color\">Cette visite, effectu\u00e9e en pr\u00e9sence de M. Andr\u00e9 Azoulay, Conseiller de SM le Roi et pr\u00e9sident-fondateur de l\u2019Association Essaouira-Mogador, a permis aux invit\u00e9s de marque de la Cit\u00e9 des Aliz\u00e9s, dont M. Jonathan Oppenheimer, l\u2019ancien pr\u00e9sident du Nigeria, M. Olusegun Obasanjo, l\u2019ancienne pr\u00e9sidente du Lib\u00e9ria, Mme Ellen Johnson-Sirleaf et l\u2019ex-pr\u00e9sident de Sierra Leone, M. Ernest Bai Koroma, de d\u00e9couvrir cet Espace spirituel et patrimonial de pr\u00e9servation et de valorisation de la m\u00e9moire jud\u00e9o- marocaine.<\/p>\n<p>L\u2019article <a rel=\"nofollow\" href=\"http:\/\/albayane.press.ma\/bayt-dakira-un-haut-lieu-denseignement-des-valeurs-de-tolerance-et-de-coexistence.html\">\u00abBayt Dakira\u00bb, un haut lieu d\u2019enseignement des valeurs de tol\u00e9rance et de coexistence<\/a> est apparu en premier sur <a rel=\"nofollow\" href=\"http:\/\/albayane.press.ma\/\">ALBAYANE<\/a>.<\/p>\n<\/div>\n<p>Auteur: M&rsquo;hammed rahal<br \/>\n<a href=\"http:\/\/albayane.press.ma\/bayt-dakira-un-haut-lieu-denseignement-des-valeurs-de-tolerance-et-de-coexistence.html\">Cliquez ici pour lire l&rsquo;article depuis sa source.<\/a><\/p>\n","protected":false},"excerpt":{"rendered":"<p>L\u2019ancien pr\u00e9sident du Nig\u00e9ria \u00a0Obasanjo\u00a0: L\u2019espace \u00ab\u00a0Bayt Dakira\u00a0\u00bb se veut un \u00ab\u00a0haut lieu d\u2019enseignement des valeurs de tol\u00e9rance et de coexistence\u00a0\u00bb, qui promeut la convergence entre l\u2019Islam et le Juda\u00efsme, a soulign\u00e9, mardi \u00e0 Essaouira, M. Olusegun Obasanjo, ancien pr\u00e9sident du Nig\u00e9ria et pr\u00e9sident actuel de la Fondation Brenthurst-Oppenheimer. \u00ab\u00a0Je n\u2019ai jamais visit\u00e9 un lieu [&hellip;]<\/p>\n","protected":false},"author":1760,"featured_media":0,"comment_status":"closed","ping_status":"closed","sticky":false,"template":"","format":"standard","meta":{"fifu_image_url":"","fifu_image_alt":"","footnotes":""},"categories":[73,54],"tags":[],"class_list":["post-131210","post","type-post","status-publish","format-standard","hentry","category-actualite","category-maroc"],"_links":{"self":[{"href":"https:\/\/linitiative.ca\/International\/wp-json\/wp\/v2\/posts\/131210","targetHints":{"allow":["GET"]}}],"collection":[{"href":"https:\/\/linitiative.ca\/International\/wp-json\/wp\/v2\/posts"}],"about":[{"href":"https:\/\/linitiative.ca\/International\/wp-json\/wp\/v2\/types\/post"}],"author":[{"embeddable":true,"href":"https:\/\/linitiative.ca\/International\/wp-json\/wp\/v2\/users\/1760"}],"replies":[{"embeddable":true,"href":"https:\/\/linitiative.ca\/International\/wp-json\/wp\/v2\/comments?post=131210"}],"version-history":[{"count":0,"href":"https:\/\/linitiative.ca\/International\/wp-json\/wp\/v2\/posts\/131210\/revisions"}],"wp:attachment":[{"href":"https:\/\/linitiative.ca\/International\/wp-json\/wp\/v2\/media?parent=131210"}],"wp:term":[{"taxonomy":"category","embeddable":true,"href":"https:\/\/linitiative.ca\/International\/wp-json\/wp\/v2\/categories?post=131210"},{"taxonomy":"post_tag","embeddable":true,"href":"https:\/\/linitiative.ca\/International\/wp-json\/wp\/v2\/tags?post=131210"}],"curies":[{"name":"wp","href":"https:\/\/api.w.org\/{rel}","templated":true}]}}