{"id":131211,"date":"2021-10-27T14:00:00","date_gmt":"2021-10-27T18:00:00","guid":{"rendered":"https:\/\/linitiative.ca\/International\/lhirondelle-ne-fait-pas-le-printemps\/"},"modified":"2021-10-27T14:00:00","modified_gmt":"2021-10-27T18:00:00","slug":"lhirondelle-ne-fait-pas-le-printemps","status":"publish","type":"post","link":"https:\/\/linitiative.ca\/International\/lhirondelle-ne-fait-pas-le-printemps\/","title":{"rendered":"L\u2019hirondelle ne fait pas le printemps"},"content":{"rendered":"<div>\n<p class=\"has-black-color has-text-color\"><strong>Le d\u00e9bat actuel autour du Projet de Loi de Finances (PLF) s\u2019annoncera houleux, apr\u00e8s la pr\u00e9sentation de la ministre de l\u2019\u00e9conomie et des finances de l\u2019\u00e9bauche sous la vo\u00fbte de la d\u00e9putation. Toute en euphorie par sa majorit\u00e9 \u00e9crasante, elle \u00e9pluchait le discours dont la cooptation sera quasiment acquise, au moment du vote. Quoique d\u00e9cim\u00e9e, l\u2019opposition se montrera, sans doute entreprenante et m\u00e8nera le bal, au cas o\u00f9 son rang serait uni, face aux d\u00e9rapages. La d\u00e9mocratie de \u00abfa\u00e7ade\u00bb a bien voulu que cette fois-ci, ce sont les \u00ablib\u00e9raux\u00bb qui tiennent le taureau par les cornes et souvent elle ne refl\u00e8te gu\u00e8re la r\u00e9alit\u00e9, sans pouvoir en contester les r\u00e9sultats, puisqu\u2019on admet au d\u00e9part, les r\u00e8gles du jeu. Le c\u00e9l\u00e8bre diplomate britannique du si\u00e8cle \u00e9coul\u00e9, Winston Churchill, arborait haut et fort, cet aphorisme plein d\u2019enseignements\u00a0:<\/strong><\/p>\n<p class=\"has-black-color has-text-color\">\u00abla d\u00e9mocratie est le pire des syst\u00e8mes, \u00e0 l\u2019exclusion de tous les autres!\u00bb. En fait, l\u2019argentif\u00e8re du pr\u00e9sent gouvernement vient de marteler l\u2019assistance de chiffres et de lignes financiers pour illustrer son expos\u00e9 exhaustif, en de\u00e7\u00e0 des attentes et aspirations de la majeure partie de la population. Car, il est toujours pompeux d\u2019\u00e9noncer des intentions comme la lutte contre les disparit\u00e9s sociales et spatiales sans pour autant, en d\u00e9coudre les vis\u00e9es r\u00e9elles. A cet \u00e9gard, on se limiterait de soulever la situation pr\u00e9caire du Sud\/Est marocain, tout pr\u00e9cis\u00e9ment la r\u00e9gion de Dr\u00e2a Tafilalet. Bien \u00e9videmment, il n\u2019est pas exclu que d\u2019autres zones endurent la m\u00eame exclusion, mais on \u00e9voquera non sans d\u00e9solation, le cas en question dont le slogan de \u00ab\u00a0lutter contre les in\u00e9galit\u00e9s sociales et territoriales\u00a0\u00bb, est d\u00e9pourvu de tout sens concret. En effet, la r\u00e9gion de Dr\u00e2a Tafilalet qui regorge, n\u00e9anmoins d\u2019un \u00e9norme potentiel naturel est mise \u00e0 l\u2019\u00e9cart de tout \u00e9lan de d\u00e9veloppement \u00e0 tous les niveaux. Depuis longtemps, ce bout de territoire du royaume, compos\u00e9 de cinq provinces en fonction du dernier d\u00e9coupage administratif est laiss\u00e9-pour-compte. L\u2019effort de promouvoir tous les secteurs \u00e9conomiques cl\u00e9s de l\u2019essor, tels le tourisme, l\u2019industrie, l\u2019agriculture et de valoriser le patrimoine immat\u00e9riel comme les Ksours, les Kasbahs, les Oasis est compl\u00e8tement mis sous l\u2019\u00e9teignoir.<\/p>\n<p class=\"has-black-color has-text-color\">Est-ce qu\u2019on n\u2019a pas honte de parler de \u00abcombattre les disparit\u00e9s territoriales\u00bb, alors que le sort de Dr\u00e2a Tafilalet est d\u00e9loyalement criard\u00a0? Ni l\u2019Etat central ni les Institutions \u00e9lues, notamment le conseil de la r\u00e9gional dont le fameux pr\u00e9sident sortant fut une exception en m\u00e9diocrit\u00e9, n\u2019avaient mis en pratique ce slogan creux\u00a0! Le cas de Dr\u00e2a Tafilalet n\u2019est pas unique, car bien d\u2019autres sont identiques, du moment qu\u2019on manque de volont\u00e9 authentique de s\u2019y mettre. C\u2019est un probl\u00e8me de volont\u00e9 mais aussi de gouvernance. Le conseil r\u00e9gional de Dr\u00e2a Tafilalet dont on a parl\u00e9 ci-dessus avait en sa possession des dizaines de milliards de centimes, de quoi faire une multitude de projets au service de la soci\u00e9t\u00e9 et du territoire. Mais, aucun centime n\u2019a \u00e9t\u00e9 d\u00e9bloqu\u00e9\u00a0pour ce faire, alors que les besoins se faisaient sentir avec grosse insistance ! Comme quoi la \u00ab d\u00e9mocratie \u00bb locale tel qu\u2019elle est con\u00e7ue par des non-d\u00e9mocrates ne peut que se transformer en pire pour ainsi \u00a0parapher la maxime du premier ministre anglais pr\u00e9c\u00e9demment cit\u00e9e. La ministre marocaine a beau alors brosser son topo financier, encore faut-il le confronter aux r\u00e9alit\u00e9s du pays des paradoxes\u00a0! \u00a0\u00a0\u00a0\u00a0\u00a0<\/p>\n<p>L\u2019article <a rel=\"nofollow\" href=\"http:\/\/albayane.press.ma\/lhirondelle-ne-fait-pas-le-printemps.html\">L\u2019hirondelle ne fait pas le printemps<\/a> est apparu en premier sur <a rel=\"nofollow\" href=\"http:\/\/albayane.press.ma\/\">ALBAYANE<\/a>.<\/p>\n<\/div>\n<p>Auteur: M&rsquo;hammed rahal<br \/>\n<a href=\"http:\/\/albayane.press.ma\/lhirondelle-ne-fait-pas-le-printemps.html\">Cliquez ici pour lire l&rsquo;article depuis sa source.<\/a><\/p>\n","protected":false},"excerpt":{"rendered":"<p>Le d\u00e9bat actuel autour du Projet de Loi de Finances (PLF) s\u2019annoncera houleux, apr\u00e8s la pr\u00e9sentation de la ministre de l\u2019\u00e9conomie et des finances de l\u2019\u00e9bauche sous la vo\u00fbte de la d\u00e9putation. Toute en euphorie par sa majorit\u00e9 \u00e9crasante, elle \u00e9pluchait le discours dont la cooptation sera quasiment acquise, au moment du vote. Quoique d\u00e9cim\u00e9e, [&hellip;]<\/p>\n","protected":false},"author":1760,"featured_media":0,"comment_status":"closed","ping_status":"closed","sticky":false,"template":"","format":"standard","meta":{"fifu_image_url":"","fifu_image_alt":"","footnotes":""},"categories":[73,54],"tags":[],"class_list":["post-131211","post","type-post","status-publish","format-standard","hentry","category-actualite","category-maroc"],"_links":{"self":[{"href":"https:\/\/linitiative.ca\/International\/wp-json\/wp\/v2\/posts\/131211","targetHints":{"allow":["GET"]}}],"collection":[{"href":"https:\/\/linitiative.ca\/International\/wp-json\/wp\/v2\/posts"}],"about":[{"href":"https:\/\/linitiative.ca\/International\/wp-json\/wp\/v2\/types\/post"}],"author":[{"embeddable":true,"href":"https:\/\/linitiative.ca\/International\/wp-json\/wp\/v2\/users\/1760"}],"replies":[{"embeddable":true,"href":"https:\/\/linitiative.ca\/International\/wp-json\/wp\/v2\/comments?post=131211"}],"version-history":[{"count":0,"href":"https:\/\/linitiative.ca\/International\/wp-json\/wp\/v2\/posts\/131211\/revisions"}],"wp:attachment":[{"href":"https:\/\/linitiative.ca\/International\/wp-json\/wp\/v2\/media?parent=131211"}],"wp:term":[{"taxonomy":"category","embeddable":true,"href":"https:\/\/linitiative.ca\/International\/wp-json\/wp\/v2\/categories?post=131211"},{"taxonomy":"post_tag","embeddable":true,"href":"https:\/\/linitiative.ca\/International\/wp-json\/wp\/v2\/tags?post=131211"}],"curies":[{"name":"wp","href":"https:\/\/api.w.org\/{rel}","templated":true}]}}