{"id":131212,"date":"2021-10-27T14:00:00","date_gmt":"2021-10-27T18:00:00","guid":{"rendered":"https:\/\/linitiative.ca\/International\/le-pps-demande-au-gouvernement-la-protection-du-pouvoir-dachat-et-regrette-la-confusion-et-limprovisation-liees-au-pass-vaccinal\/"},"modified":"2021-10-27T14:00:00","modified_gmt":"2021-10-27T18:00:00","slug":"le-pps-demande-au-gouvernement-la-protection-du-pouvoir-dachat-et-regrette-la-confusion-et-limprovisation-liees-au-pass-vaccinal","status":"publish","type":"post","link":"https:\/\/linitiative.ca\/International\/le-pps-demande-au-gouvernement-la-protection-du-pouvoir-dachat-et-regrette-la-confusion-et-limprovisation-liees-au-pass-vaccinal\/","title":{"rendered":"Le PPS demande au gouvernement la protection du pouvoir d\u2019achat et regrette la confusion et l\u2019improvisation li\u00e9es au pass-vaccinal"},"content":{"rendered":"<div>\n<p class=\"has-text-align-center has-vivid-cyan-blue-color has-text-color\"><strong>\u00a0 \u00a0Dans le communiqu\u00e9 du bureau politique<\/strong><\/p>\n<p class=\"has-black-color has-text-color\"><strong>Le bureau politique du Parti du Progr\u00e8s et du Socialisme a tenu, mardi 26 octobre 2021, sa r\u00e9union p\u00e9riodique et examin\u00e9 de nombreuses questions inscrites \u00e0 son ordre du jour<\/strong><\/p>\n<p class=\"has-black-color has-text-color\">Demande au gouvernement de prendre les mesures n\u00e9cessaires \u00e0 la protection du pouvoir d\u2019achat des citoyens<\/p>\n<p class=\"has-black-color has-text-color\">A l\u2019ouverture de la r\u00e9union, il a \u00e9t\u00e9 proc\u00e9d\u00e9 \u00e0 l\u2019examen de la situation g\u00e9n\u00e9rale dans notre pays et plus particuli\u00e8rement dans sa dimension sociale et de ses indicateurs n\u00e9gatifs cons\u00e9quents \u00e0 la persistance des difficult\u00e9s li\u00e9es aux effets de la pand\u00e9mie du Covid-19 sur la vie quotidienne de notre peuple \u00e0 tous les niveaux. Ces difficult\u00e9s sont exacerb\u00e9es par la chert\u00e9 des prix de nombreux produits de consommation essentiels \u00e0 la vie quotidienne des couches n\u00e9cessiteuses et d\u00e9sh\u00e9rit\u00e9es de notre soci\u00e9t\u00e9.<\/p>\n<p class=\"has-black-color has-text-color\">C\u2019est pourquoi, le bureau politique demande au gouvernement de prendre les mesures n\u00e9cessaires \u00e0 la protection du pouvoir d\u2019achat des citoyennes et des citoyens, \u00e0 travers notamment la r\u00e9gulation et la r\u00e9vision des prix des produits alimentaires et des tarifs des carburants qui ont connu une flamb\u00e9e au cours de la derni\u00e8re p\u00e9riode.<\/p>\n<p class=\"has-black-color has-text-color\">D\u00e9but de l\u2019action gouvernementale dans la confusion et l\u2019improvisation li\u00e9es au pass-vaccinal<\/p>\n<p class=\"has-black-color has-text-color\">Le bureau politique a par ailleurs enregistr\u00e9 avec grand regret que l\u2019\u00e9quipe gouvernementale actuelle a entam\u00e9 son action \u00a0dans une confusion qui d\u00e9note l\u2019absence d\u2019une vision claire concernant le pr\u00e9sent et l\u2019avenir du pays sur tous les plans.<\/p>\n<p class=\"has-black-color has-text-color\">En rapport avec ce sujet, le bureau politique a abord\u00e9 la question du \u00ab\u00a0pass vaccinal\u00a0\u00bb, d\u00e9cid\u00e9 par le gouvernement dans la pr\u00e9cipitation et l\u2019improvisation, \u00e0 la veille des vacances de l\u2019Aid Maoulid Nabaoui, sans d\u00e9lai raisonnable pour faciliter sa mise en \u0153uvre et donner le temps n\u00e9cessaire aux citoyens pour r\u00e9agir positivement \u00e0 son \u00e9gard. Cette d\u00e9cision h\u00e2tive s\u2019est distingu\u00e9e aussi par l\u2019absence totale de tout d\u00e9bat public et de toute approche communicationnelle ou participative qui pr\u00e9sente les fondements et les interpr\u00e9tations constitutionnels, juridiques et scientifiques n\u00e9cessitant la prise d\u2019une telle mesure. Cette d\u00e9cision n\u2019a pas pris en compte non plus, de mani\u00e8re proactive, les probl\u00e8mes divers et difficiles qu\u2019elle pose, compte tenu surtout du grand pr\u00e9judice qu\u2019elle a caus\u00e9 \u00e0 de nombreuses couches sociales, emp\u00each\u00e9es d\u2019acc\u00e9der \u00e0 des services vitaux et de jouir de droits fondamentaux garantis par la Constitution, outre la grande confusion et la pression provoqu\u00e9es par cette d\u00e9cision sur les structures d\u2019accueil sanitaires charg\u00e9es de la vaccination.<\/p>\n<p class=\"has-black-color has-text-color\">Dans ce cadre, le Parti du Progr\u00e8s et du Socialisme exprime son rejet total des m\u00e9thodes violentes utilis\u00e9es \u00e0 l\u2019\u00e9gard des manifestations pacifiques, \u00e0 travers lesquelles des citoyens ont exprim\u00e9 leur d\u00e9saccord \u00e0 l\u2019\u00e9gard de l\u2019adoption du pass-vaccinal.<\/p>\n<p class=\"has-black-color has-text-color\">Le PLF 2022 d\u00e9\u00e7oit les attentes et contredit les slogans de la d\u00e9claration gouvernementale<\/p>\n<p class=\"has-black-color has-text-color\">Par ailleurs, le bureau politique a examin\u00e9 le projet de loi de finances pr\u00e9sent\u00e9 par le gouvernement, relevant qu\u2019il d\u00e9\u00e7oit les espoirs et les attentes et qu\u2019il est d\u00e9pourvu des mesures concr\u00e8tes capables de faire face aux difficult\u00e9s actuelles, \u00e9conomiques, sociales et financi\u00e8res.<\/p>\n<p class=\"has-black-color has-text-color\">Le Parti du Progr\u00e8s et du Socialisme souligne de m\u00eame que la plupart des mesures contenues dans le PLF 2022 sont non seulement incapables d\u2019apporter les r\u00e9ponses appropri\u00e9es aux questions et aux souffrances des familles marocaines et des entreprises nationales, mais qu\u2019il s\u2019agit aussi de mesures qui contredisent les slogans et les orientations g\u00e9n\u00e9rales annonc\u00e9es dans la d\u00e9claration gouvernementale.<\/p>\n<p class=\"has-black-color has-text-color\">Le Parti du Progr\u00e8s et du Socialisme reviendra en d\u00e9tail et avec pr\u00e9cision sur ce sujet aussi bien \u00e0 travers les contributions de son groupe parlementaire qu\u2019\u00e0 l\u2019occasion de la tenue de la huiti\u00e8me session du comit\u00e9 central, samedi prochain 30 octobre 2021.<\/p>\n<p class=\"has-black-color has-text-color\">Exprime sa solidarit\u00e9 avec le peuple soudanais fr\u00e8re<\/p>\n<p class=\"has-black-color has-text-color\">Sur un autre plan, le bureau politique du Parti du Progr\u00e8s et du Socialisme suit avec une extr\u00eame inqui\u00e9tude les d\u00e9veloppements n\u00e9gatifs et graves que connait le Soudan et qui constituent un recul \u00e0 l\u2019\u00e9gard des engagements de toutes les parties concern\u00e9es pour la r\u00e9alisation de la transition pacifique \u00e0 laquelle aspirent les Soudanais. Le Parti du Progr\u00e8s et du Socialisme exprime sa solidarit\u00e9 enti\u00e8re avec le peuple soudanais fr\u00e8re dans son aspiration l\u00e9gitime \u00e0 la d\u00e9mocratie, la dignit\u00e9 et le progr\u00e8s. Il \u00e9met aussi l\u2019espoir que ce pays africain fr\u00e8re retrouve rapidement le calme, la paix et la qui\u00e9tude dans l\u2019int\u00e9r\u00eat de son avenir et pour la pr\u00e9servation de son int\u00e9grit\u00e9 et de la coh\u00e9sion de son peuple.<\/p>\n<p>L\u2019article <a rel=\"nofollow\" href=\"http:\/\/albayane.press.ma\/le-pps-demande-au-gouvernement-la-protection-du-pouvoir-dachat-et-regrette-la-confusion-et-limprovisation-liees-au-pass-vaccinal.html\">Le PPS demande au gouvernement la protection du pouvoir d\u2019achat et regrette la confusion et l\u2019improvisation li\u00e9es au pass-vaccinal<\/a> est apparu en premier sur <a rel=\"nofollow\" href=\"http:\/\/albayane.press.ma\/\">ALBAYANE<\/a>.<\/p>\n<\/div>\n<p>Auteur: M&rsquo;hammed rahal<br \/>\n<a href=\"http:\/\/albayane.press.ma\/le-pps-demande-au-gouvernement-la-protection-du-pouvoir-dachat-et-regrette-la-confusion-et-limprovisation-liees-au-pass-vaccinal.html\">Cliquez ici pour lire l&rsquo;article depuis sa source.<\/a><\/p>\n","protected":false},"excerpt":{"rendered":"<p>\u00a0 \u00a0Dans le communiqu\u00e9 du bureau politique Le bureau politique du Parti du Progr\u00e8s et du Socialisme a tenu, mardi 26 octobre 2021, sa r\u00e9union p\u00e9riodique et examin\u00e9 de nombreuses questions inscrites \u00e0 son ordre du jour Demande au gouvernement de prendre les mesures n\u00e9cessaires \u00e0 la protection du pouvoir d\u2019achat des citoyens A l\u2019ouverture [&hellip;]<\/p>\n","protected":false},"author":1760,"featured_media":0,"comment_status":"closed","ping_status":"closed","sticky":false,"template":"","format":"standard","meta":{"fifu_image_url":"","fifu_image_alt":"","footnotes":""},"categories":[73,54],"tags":[],"class_list":["post-131212","post","type-post","status-publish","format-standard","hentry","category-actualite","category-maroc"],"_links":{"self":[{"href":"https:\/\/linitiative.ca\/International\/wp-json\/wp\/v2\/posts\/131212","targetHints":{"allow":["GET"]}}],"collection":[{"href":"https:\/\/linitiative.ca\/International\/wp-json\/wp\/v2\/posts"}],"about":[{"href":"https:\/\/linitiative.ca\/International\/wp-json\/wp\/v2\/types\/post"}],"author":[{"embeddable":true,"href":"https:\/\/linitiative.ca\/International\/wp-json\/wp\/v2\/users\/1760"}],"replies":[{"embeddable":true,"href":"https:\/\/linitiative.ca\/International\/wp-json\/wp\/v2\/comments?post=131212"}],"version-history":[{"count":0,"href":"https:\/\/linitiative.ca\/International\/wp-json\/wp\/v2\/posts\/131212\/revisions"}],"wp:attachment":[{"href":"https:\/\/linitiative.ca\/International\/wp-json\/wp\/v2\/media?parent=131212"}],"wp:term":[{"taxonomy":"category","embeddable":true,"href":"https:\/\/linitiative.ca\/International\/wp-json\/wp\/v2\/categories?post=131212"},{"taxonomy":"post_tag","embeddable":true,"href":"https:\/\/linitiative.ca\/International\/wp-json\/wp\/v2\/tags?post=131212"}],"curies":[{"name":"wp","href":"https:\/\/api.w.org\/{rel}","templated":true}]}}