{"id":131213,"date":"2021-10-27T14:00:00","date_gmt":"2021-10-27T18:00:00","guid":{"rendered":"https:\/\/linitiative.ca\/International\/rachid-lebchir-seul-contre-tous\/"},"modified":"2021-10-27T14:00:00","modified_gmt":"2021-10-27T18:00:00","slug":"rachid-lebchir-seul-contre-tous","status":"publish","type":"post","link":"https:\/\/linitiative.ca\/International\/rachid-lebchir-seul-contre-tous\/","title":{"rendered":"Rachid Lebchir, seul contre tous\u2026"},"content":{"rendered":"<div>\n<p class=\"has-text-align-center has-vivid-red-color has-text-color\"><strong>Le commissaire \u00abdonquichottesque\u00bb d\u2019Al Bayane prend sa retraite<\/strong><\/p>\n<p class=\"has-black-color has-text-color\"><strong>Il r\u00eavait d\u2019\u00eatre m\u00e9decin, mais il est venu au monde du journalisme, par le plus grand des hasards.\u00a0 Connu par son caract\u00e8re all\u00e8gre, mais aussi par son caract\u00e8re fougueux, ses jugements critiques et ses analyses acerbes, Rachid Lebchir, v\u00e9t\u00e9ran de la r\u00e9daction Al Bayane,\u00a0 souligne que le vrai r\u00f4le d\u2019un journaliste quel qu\u2019il soit\u00a0 consiste \u00e0 d\u00e9cortiquer et puis reconstituer les \u00e9v\u00e9nements, tout en tenant \u00e0\u00a0 respecter minutieusement les r\u00e8gles qui fondent le professionnalisme.<\/strong><\/p>\n<p class=\"has-black-color has-text-color\">N\u00e9 \u00e0 Casablanca, l\u2019enfant de Derb Carlotti nous confie qu\u2019il avait v\u00e9cu une enfance tumultueuse. Son temp\u00e9rament rebel,\u00a0 lui a valu parfois des racl\u00e9es m\u00e9morables de son papa qui fut connu par sa s\u00e9v\u00e9rit\u00e9 et son comportement autoritaire.\u00a0 \u00ab Je me r\u00e9voltais souvent contre tout ce qui ne me pla\u00eet pas. Je dirais que les id\u00e9es de gauche hantaient mon esprit depuis ma petite enfance. \u00bb, note-t-il avec un grand sourire.<\/p>\n<p class=\"has-black-color has-text-color\">Notre nouveau retrait\u00e9 sera grandement influenc\u00e9 par la pens\u00e9e marxiste lorsqu\u2019il assistait aux \u00ab Semaines culturelles \u00bb organis\u00e9es \u00e0 l\u2019\u00e9poque \u00e0 la facult\u00e9 de m\u00e9decine de Casablanca. En fait, c\u2019est l\u00e0 qu\u2019il va tomber sous le charme des discours prononc\u00e9s par les militants du mouvement marxiste-l\u00e9niniste, tels\u00a0 Redouane Afandi,\u00a0 Saida Lamnabhi,\u00a0 Redouane Afandi,\u00a0\u00a0 Said El Maghribi, entre autres.<\/p>\n<p class=\"has-black-color has-text-color\">Son professeur de math\u00e9matiques, un certain Serrar, qui fut militant dans les rangs du PPS, a d\u00e9couvert en lui une profonde inclination pour l\u2019action militante et lui proposera de rejoindre le parti du Livre.<\/p>\n<p class=\"has-black-color has-text-color\">En 1977, alors qu\u2019il avait encore 16 ans, Rachid va int\u00e9grer la Jeunesse marocaine pour le progr\u00e8s et le socialisme (JMPS). Deux ans apr\u00e8s, il prendra part, en tant que congressiste,\u00a0 au 2e congr\u00e8s national du PPS.<\/p>\n<p class=\"has-black-color has-text-color\">Pour la petite histoire, l\u2019enfant de Derb Carlotti va d\u00e9crocher le baccalaur\u00e9at en sciences exp\u00e9rimentales au lyc\u00e9e Al Khawarizmi.\u00a0 Mais \u00e0 cause de ses activit\u00e9s politiques, les autorit\u00e9s comp\u00e9tentes ont tard\u00e9 \u00e0 lui remettre le passeport \u00e0 temps, m\u00eame s\u2019il avait obtenu une bourse d\u2019\u00e9tude de m\u00e9decine en Russie. Ce qui a d\u2019ailleurs mis fin\u00a0 \u00e0 ses ambitions pour poursuivre ses \u00e9tudes \u00e0 l\u2019\u00e9tranger,\u00a0 d\u00e9clare-t-il avec amertume.<\/p>\n<p class=\"has-black-color has-text-color\">Outre ses activit\u00e9s politiques, Rachid ou le \u00ab petit commissaire \u00bb, comme aimaient \u00a0l\u2019appeler ses copains d\u2019enfance et ce \u00e0 cause de son caract\u00e8re intransigeant, avait un penchant pour le journalisme et les lettres. Le Parti va lui offrir l\u2019occasion d\u2019effectuer un stage au journal Al Bayane en 1986. Ses \u00e9crits portaient particuli\u00e8rement sur les pr\u00e9occupations de la jeunesse marocaine. \u00ab Le journal Al Bayane, qui est ma deuxi\u00e8me famille,\u00a0 m\u2019a permis de c\u00f4toyer de grands militants vou\u00e9s \u00e0 leurs pays et ayant le sens du d\u00e9vouement, tels feus Ali Yata, et son fils Nadir, Abdellah El Ayachi, et Abdeslam Bourkia\u2026 \u00bb, raconte-t-il.<\/p>\n<p class=\"has-black-color has-text-color\">Au sein de la r\u00e9daction Al Bayane, Rachid fut r\u00e9put\u00e9 pour ses positions contestataires. En fait, il s\u2019agit d\u2019une personne qui n\u2019a pas froid aux yeux et n\u2019h\u00e9site point \u00e0 exprimer ses id\u00e9es avec opini\u00e2tret\u00e9 s\u2019il le faut.\u00a0 Ce qui lui a valu le surnom de \u00ab petit Saddam \u00bb, \u00e0 l\u2019\u00e9poque o\u00f9 feu Ali Yata dirigeait le journal.<\/p>\n<p class=\"has-black-color has-text-color\"><strong>Le raja \u00ab meilleur \u00e9quipe du monde \u00bb<\/strong><\/p>\n<p class=\"has-black-color has-text-color\">Journaliste sportif,\u00a0 Rachid a un faible pour les Verts de Casablanca. \u00ab Pour moi, le Raja est l\u2019une des meilleures \u00e9quipes du monde. Cela \u00e9tant,\u00a0 l\u2019amour de l\u2019\u00e9quipe coule dans mes veines \u00bb, note-il. \u00ab le Raja a \u00e9t\u00e9, avant la lettre,\u00a0 le cr\u00e9ateur du style de jeu footballistique, le tiki-taka, m\u00eame avant le FC Barcelone \u00bb, dit-il non sans humour.<\/p>\n<p class=\"has-black-color has-text-color\">Selon lui, des joueurs, comme feu Abdelmajid Dolmy, feu Mustapha Choukri, alias Pitchou, ou encore\u00a0 Abderrahim Hamraoui, pour ne citer qu\u2019eux, vont rester \u00e0 jamais grav\u00e9s dans les annales de l\u2019histoire du ballon rond \u00e0 l\u2019\u00e9chelle nationale.<\/p>\n<p class=\"has-black-color has-text-color\">Comme quoi , les dirigeants du football marocain, doivent aujourd\u2019hui s\u2019ing\u00e9nier pour la mise en place d\u2019une politique publique sportive valorisant les joueurs locaux, comme c\u2019est le cas de la coupe du monde 1986. D\u2019o\u00f9 la n\u00e9cessite de promouvoir des plans de\u00a0 formations en bonnes et dues forme,\u00a0 destin\u00e9s aux clubs marocains, indique-t-il.\u00a0<\/p>\n<p class=\"has-black-color has-text-color\">En d\u00e9pit qu\u2019il atteint l\u2019\u00e2ge l\u00e9gal de d\u00e9part \u00e0 la retraite, Rachid Lebchir estime que la profession de journaliste n\u2019est pas limit\u00e9e dans le temps. Loin s\u2019en faut, il s\u2019agit d\u2019une mission noble devant \u00eatre remplie jusqu\u2019au dernier souffle \u00bb, conclut-il.<\/p>\n<p class=\"has-text-color\" style=\"color:#0795e7\"><strong>Notre confr\u00e8re Rachid Lebchir en compagnie de ses homologues de la presse nationale qui ont \u00e9t\u00e9 f\u00eat\u00e9s par l\u2019Association des \u0153uvres sociales des journalistes de la presse \u00e9crite \u00e0 l\u2019occasion de leur retraite administrative.<\/strong><\/p>\n<figure class=\"wp-block-gallery columns-2 is-cropped\">\n<ul class=\"blocks-gallery-grid\">\n<li class=\"blocks-gallery-item\">\n<figure><img decoding=\"async\" loading=\"lazy\" width=\"508\" height=\"300\" src=\"https:\/\/linitiative.ca\/International\/wp-content\/uploads\/sites\/23\/2021\/10\/Akil-Macao2.jpg\" alt=\"\" data-id=\"124240\" class=\"wp-image-124240\"><\/figure>\n<\/li>\n<li class=\"blocks-gallery-item\">\n<figure><img decoding=\"async\" loading=\"lazy\" width=\"508\" height=\"300\" src=\"https:\/\/linitiative.ca\/International\/wp-content\/uploads\/sites\/23\/2021\/10\/75999016-b993-437d-9fb9-3e466c26718c.jpg\" alt=\"\" data-id=\"124241\" data-link=\"http:\/\/albayane.press.ma\/?attachment_id=124241#main\" class=\"wp-image-124241\"><\/figure>\n<\/li>\n<\/ul>\n<\/figure>\n<p class=\"has-text-color\" style=\"color:#058fde\"><strong>Ici, notre camarade Rachid Lebchir du temps o\u00f9 il \u00e9tait un des fervents responsables de la Jeunesse marocaine du progr\u00e8s et du socialisme et de l\u2019Organisation des pionniers-enfants du Maroc en compagnie de Charafat Afailal qui a grandi dans toutes les cat\u00e9gories du PPS dont l\u2019OPEM en colonie des vacances au d\u00e9but des ann\u00e9es 1980. (Photos archives)<\/strong><\/p>\n<figure class=\"wp-block-gallery columns-2 is-cropped\">\n<ul class=\"blocks-gallery-grid\">\n<li class=\"blocks-gallery-item\">\n<figure><img decoding=\"async\" loading=\"lazy\" width=\"508\" height=\"300\" src=\"https:\/\/linitiative.ca\/International\/wp-content\/uploads\/sites\/23\/2021\/10\/Lebchir-JMPS-1.jpg\" alt=\"\" data-id=\"124243\" class=\"wp-image-124243\"><\/figure>\n<\/li>\n<li class=\"blocks-gallery-item\">\n<figure><img decoding=\"async\" loading=\"lazy\" width=\"508\" height=\"300\" src=\"https:\/\/linitiative.ca\/International\/wp-content\/uploads\/sites\/23\/2021\/10\/75999016-b993-437d-9fb9-3e466c26718c-2.jpg\" alt=\"\" data-id=\"124245\" data-full-url=\"https:\/\/linitiative.ca\/International\/wp-content\/uploads\/sites\/23\/2021\/10\/75999016-b993-437d-9fb9-3e466c26718c-2.jpg\" data-link=\"http:\/\/albayane.press.ma\/?attachment_id=124245#main\" class=\"wp-image-124245\"><\/figure>\n<\/li>\n<\/ul>\n<\/figure>\n<p class=\"has-vivid-red-color has-text-color\"><strong><em>Khalid Darfaf<\/em><\/strong><\/p>\n<p>L\u2019article <a rel=\"nofollow\" href=\"http:\/\/albayane.press.ma\/rachid-lebchir-seul-contre-tous.html\">Rachid Lebchir, seul contre tous\u2026<\/a> est apparu en premier sur <a rel=\"nofollow\" href=\"http:\/\/albayane.press.ma\/\">ALBAYANE<\/a>.<\/p>\n<\/div>\n<p>Auteur: M&rsquo;hammed rahal<br \/>\n<a href=\"http:\/\/albayane.press.ma\/rachid-lebchir-seul-contre-tous.html\">Cliquez ici pour lire l&rsquo;article depuis sa source.<\/a><\/p>\n","protected":false},"excerpt":{"rendered":"<p>Le commissaire \u00abdonquichottesque\u00bb d\u2019Al Bayane prend sa retraite Il r\u00eavait d\u2019\u00eatre m\u00e9decin, mais il est venu au monde du journalisme, par le plus grand des hasards.\u00a0 Connu par son caract\u00e8re all\u00e8gre, mais aussi par son caract\u00e8re fougueux, ses jugements critiques et ses analyses acerbes, Rachid Lebchir, v\u00e9t\u00e9ran de la r\u00e9daction Al Bayane,\u00a0 souligne que le [&hellip;]<\/p>\n","protected":false},"author":1760,"featured_media":0,"comment_status":"closed","ping_status":"closed","sticky":false,"template":"","format":"standard","meta":{"fifu_image_url":"http:\/\/albayane.press.ma\/wp-content\/uploads\/Akil-Macao2.jpg","fifu_image_alt":"Rachid Lebchir, seul contre tous\u2026","footnotes":""},"categories":[73,54],"tags":[],"class_list":["post-131213","post","type-post","status-publish","format-standard","hentry","category-actualite","category-maroc"],"_links":{"self":[{"href":"https:\/\/linitiative.ca\/International\/wp-json\/wp\/v2\/posts\/131213","targetHints":{"allow":["GET"]}}],"collection":[{"href":"https:\/\/linitiative.ca\/International\/wp-json\/wp\/v2\/posts"}],"about":[{"href":"https:\/\/linitiative.ca\/International\/wp-json\/wp\/v2\/types\/post"}],"author":[{"embeddable":true,"href":"https:\/\/linitiative.ca\/International\/wp-json\/wp\/v2\/users\/1760"}],"replies":[{"embeddable":true,"href":"https:\/\/linitiative.ca\/International\/wp-json\/wp\/v2\/comments?post=131213"}],"version-history":[{"count":0,"href":"https:\/\/linitiative.ca\/International\/wp-json\/wp\/v2\/posts\/131213\/revisions"}],"wp:attachment":[{"href":"https:\/\/linitiative.ca\/International\/wp-json\/wp\/v2\/media?parent=131213"}],"wp:term":[{"taxonomy":"category","embeddable":true,"href":"https:\/\/linitiative.ca\/International\/wp-json\/wp\/v2\/categories?post=131213"},{"taxonomy":"post_tag","embeddable":true,"href":"https:\/\/linitiative.ca\/International\/wp-json\/wp\/v2\/tags?post=131213"}],"curies":[{"name":"wp","href":"https:\/\/api.w.org\/{rel}","templated":true}]}}