{"id":131225,"date":"2021-10-28T05:17:53","date_gmt":"2021-10-28T09:17:53","guid":{"rendered":"https:\/\/linitiative.ca\/International\/les-opportunites-dinvestissement-sous-les-feux-des-projecteurs\/"},"modified":"2021-10-28T05:17:53","modified_gmt":"2021-10-28T09:17:53","slug":"les-opportunites-dinvestissement-sous-les-feux-des-projecteurs","status":"publish","type":"post","link":"https:\/\/linitiative.ca\/International\/les-opportunites-dinvestissement-sous-les-feux-des-projecteurs\/","title":{"rendered":"Les opportunit\u00e9s d\u2019investissement sous les feux des projecteurs"},"content":{"rendered":"<div>\n<div style=\"margin-bottom:20px;\"><img loading=\"lazy\" decoding=\"async\" width=\"750\" height=\"430\" src=\"https:\/\/linitiative.ca\/International\/wp-content\/uploads\/sites\/23\/2021\/10\/Essaouira-tourisme-copier-6.jpg\" class=\"attachment-post-thumbnail size-post-thumbnail wp-post-image\" alt=\"\" srcset=\"https:\/\/linitiative.ca\/International\/wp-content\/uploads\/sites\/23\/2021\/10\/Essaouira-tourisme-copier-6.jpg 750w, http:\/\/www.mapmarrakech.ma\/map\/uploads\/2021\/10\/Essaouira-tourisme-copier-6-300x172.jpg 300w\" sizes=\"auto, (max-width: 750px) 100vw, 750px\"><\/div>\n<p>Initi\u00e9e en partenariat avec la pr\u00e9fecture de la province d\u2019Essaouira, la Chambre de Commerce et d\u2019Industrie Isra\u00ebl-France, l\u2019Association Essaouira-Mogador, le Centre R\u00e9gional d\u2019Investissement de Marrakech-Safi (CRI-MS) et Essaouira Innovation LAB, cette rencontre a \u00e9t\u00e9 l\u2019occasion pour les diff\u00e9rents acteurs de faire la lumi\u00e8re sur les grands atouts et les opportunit\u00e9s d\u2019affaires qu\u2019offre la ville aux potentiels investisseurs.<\/p>\n<p>Ouvrant les travaux de ce conclave, M. Andr\u00e9 Azoulay, Conseiller de SM le Roi et pr\u00e9sident-fondateur de l\u2019Association Essaouira-Mogador, a d\u00e9clar\u00e9 que \u00ab\u00a0le moment est venu pour Essaouira d\u2019\u00e9largir et de consolider les acquis d\u2019une strat\u00e9gie fond\u00e9e \u00e0 juste titre sur ses atouts culturels et patrimoniaux, mais qui imposent aujourd\u2019hui une feuille de route volontariste et novatrice qui saura faire place aux investissements qui vont s\u2019imposer \u00e0 tous dans la p\u00e9riode post-Covid\u00a0\u00bb.<\/p>\n<p>De son c\u00f4t\u00e9, le pr\u00e9sident de la CFCIM, Jean-Pascal Darriet, a pr\u00e9cis\u00e9 qu\u2019une quarantaine d\u2019entreprises, dont une dizaine venues de France, prennent part \u00e0 cet \u00e9v\u00e9nement, indiquant que cette Journ\u00e9e \u00e9conomique s\u2019inscrit dans le cadre d\u2019une tourn\u00e9e plus large \u00e0 travers diff\u00e9rentes r\u00e9gions du Royaume, afin de fluidifier les relations \u00e9conomiques entre le Maroc et la France, par le biais de points d\u2019ancrage r\u00e9gionaux, \u00e0 m\u00eame de donner un nouvel \u00e9lan aux relations \u00e9conomiques et de cr\u00e9er de la valeur ajout\u00e9e.<\/p>\n<p>Notant l\u2019existence de nombreux secteurs \u00e0 fort potentiel \u00e0 Essaouira avec une offre riche et vari\u00e9e pour les futurs investisseurs, il a expliqu\u00e9 que le choix port\u00e9 sur la Cit\u00e9 des Aliz\u00e9s pour l\u2019organisation de cette Journ\u00e9e \u00ab\u00a0n\u2019est pas le fruit du hasard, mais \u00e9mane de la volont\u00e9 effective des autorit\u00e9s et des op\u00e9rateurs \u00e9conomiques de s\u2019inscrire dans une dynamique qui s\u2019appuie sur des atouts consid\u00e9rables\u00a0\u00bb.<\/p>\n<p>Pour sa part, le gouverneur de la province, Adil El Maliki, a mis en avant la forte dynamique que conna\u00eet la province d\u2019Essaouira durant ces derni\u00e8res ann\u00e9es, notamment avec la visite Royale en janvier 2020, soulignant plusieurs axes majeurs de d\u00e9veloppement \u00e0 l\u2019\u00e9chelle provinciale, avec un focus particulier sur le domaine culturel et la richesse du patrimoine dont regorge la Cit\u00e9 des Aliz\u00e9s.<\/p>\n<p>Il s\u2019est, dans ce sens, attard\u00e9 sur la cr\u00e9ation de la Cit\u00e9 des arts et de la culture, qui servira de navire amiral de tous les efforts entrepris pour le d\u00e9veloppement de l\u2019\u00e9cosyst\u00e8me culturel \u00e0 l\u2019\u00e9chelle locale, ce qui favorisera la cr\u00e9ation d\u2019une industrie culturelle.<\/p>\n<p>M. El Maliki a, en outre, pass\u00e9 en revue les principales facilitations mises \u00e0 la disposition des investisseurs afin de leur offrir une visibilit\u00e9 claire pour le lancement de leurs projets, citant le nouveau plan d\u2019am\u00e9nagement dont dispose d\u00e9sormais la ville, la cr\u00e9ation d\u2019une zone d\u2019activit\u00e9s \u00e9conomiques \u00e0 Douar Laarab, et le projet d\u2019\u00e9co-village de Sidi Kaouki.<\/p>\n<p>Lui emboitant le pas, le pr\u00e9sident du conseil communal d\u2019Essaouira, M. Tarik Ottmani, a indiqu\u00e9 que la renaissance que conna\u00eet Essaouira depuis une trentaine d\u2019ann\u00e9es t\u00e9moigne de ce que la Cit\u00e9 des Aliz\u00e9s a \u00e9t\u00e9 durant plusieurs si\u00e8cles : \u00ab\u00a0un carrefour qui a vu de grandes civilisations se croiser, une terre de brassage et de mixit\u00e9 culturelle, un mod\u00e8le de coexistence entre les religions et un merveilleux territoire d\u2019exploration, d\u2019exp\u00e9rimentation et de disruption\u00a0\u00bb.<\/p>\n<p>\u00ab\u00a0Un pass\u00e9 qu\u2019il faut valoriser pour construire les mod\u00e8les de notre futur\u00a0\u00bb, a-t-il insist\u00e9, soulignant que \u00ab\u00a0nous sommes \u00e0 une \u00e9tape cl\u00e9 de ce renouveau qui demande plus que jamais que nous soyons \u00e0 la fois mobilis\u00e9s et structur\u00e9s, \u00e0 une nouvelle \u00e8re que nous souhaitons \u00eatre celle du travailler-ensemble, \u00e0 l\u2019image du vivre-ensemble si embl\u00e9matique d\u2019Essaouira\u00a0\u00bb.<\/p>\n<p>Il a aussi exprim\u00e9 la disposition du conseil \u00e0 nouer des partenariats de long-terme et cr\u00e9ateurs de valeur ajout\u00e9e, \u00ab\u00a0qu\u2019il s\u2019agisse de nos partenaires historiques comme c\u2019est le cas de la France, ou de ceux issus de la nouvelle dynamique de coop\u00e9ration engag\u00e9e par le Maroc\u00a0\u00bb, ajoutant que cette dynamique soutenue au plus haut niveau \u00ab\u00a0doit nous donner des ailes pour parvenir \u00e0 d\u00e9velopper durablement Essaouira\u00a0\u00bb.<\/p>\n<p>Quant au pr\u00e9sident de la Chambre de Commerce et d\u2019Industrie Isra\u00ebl-France, Daniel Rouach, il a \u00e9voqu\u00e9 certains volets de coop\u00e9ration qui peuvent \u00eatre d\u00e9velopp\u00e9s, notamment dans le domaine universitaire et de la formation.<\/p>\n<p>Il s\u2019est \u00e9galement f\u00e9licit\u00e9 de la cr\u00e9ation d\u2019une Chambre de Commerce et d\u2019Industrie Isra\u00ebl-Maroc, soutenant qu\u2019un travail exceptionnel a \u00e9t\u00e9 r\u00e9alis\u00e9 afin d\u2019identifier les domaines sur lesquels les deux parties peuvent se pencher, tout en mettant en relief le tr\u00e8s fort potentiel dont dispose le Maroc en termes de ressources humaines et de comp\u00e9tences.<\/p>\n<p>Le directeur du CRI-MS, Yassine El Mseffer, a, quant \u00e0 lui, mis en avant les atouts dont dispose la province d\u2019Essaouira, \u00e0 savoir un patrimoine mondial, des richesses naturelles inestimables, un potentiel exceptionnel en m\u00e9tiers de la mer et l\u2019appartenance au R\u00e9seau des Villes Cr\u00e9atives de l\u2019UNESCO.<\/p>\n<p>Il a aussi \u00e9voqu\u00e9 les projets structurants dans plusieurs secteurs (culture et patrimoine, \u00e9co-industrie, infrastructure et mobilit\u00e9, formation et innovation), citant le programme compl\u00e9mentaire de r\u00e9habilitation et de mise en valeur de l\u2019ancienne m\u00e9dina, la cr\u00e9ation de la Cit\u00e9 des Arts, le campus international, la Zone d\u2019activit\u00e9s \u00e9conomiques et le projet de village \u00e9cotouristique de Sidi Kaouki.<\/p>\n<p>M. Mseffer a, d\u2019autre part, mis en exergue l\u2019attractivit\u00e9 et les richesses dont regorge l\u2019arri\u00e8re-pays de la province, soulignant que l\u2019\u00e9cosyst\u00e8me d\u2019avenir o\u00f9 Essaouira a sa place repose sur trois domaines: les industries culturelles et cr\u00e9atives, l\u2019\u00e9cotourisme et la mobilit\u00e9 durable, ainsi que les plantes aromatiques, m\u00e9dicinales et cosm\u00e9tiques.<\/p>\n<p>Au menu de cette rencontre, figuraient des rencontres BtoB, ainsi que des ateliers th\u00e9matiques sur \u00ab\u00a0les industries culturelles et cr\u00e9atives\u00a0\u00bb, \u00ab\u00a0l\u2019agro-alimentaire, la p\u00eache et les produits de terroir\u00a0\u00bb, \u00ab\u00a0la gestion des \u00e9nergies, de l\u2019eau et des d\u00e9chets, la mobilit\u00e9 durable et l\u2019\u00e9co-construction\u00a0\u00bb, \u00ab\u00a0l\u2019\u00e9cotourisme\u00a0\u00bb et \u00ab\u00a0la formation et innovation\u00a0\u00bb.<\/p>\n<p>A cette occasion, des visites de terrain ont \u00e9t\u00e9 \u00e9galement organis\u00e9es \u00e0 l\u2019espace de \u00ab\u00a0Dar Souiri\u00a0\u00bb, au port de la ville, aux coop\u00e9ratives Beni Antar et Argana, au village solaire Ounagha (ONEE), au projet de l\u2019\u00e9co-village de Sidi Kaouki, \u00e0 l\u2019OFPPT et \u00e0 la plateforme de Sidi-Magdoul, p\u00e9pini\u00e8re des jeunes entreprises.<\/p>\n<p>The post <a rel=\"nofollow\" href=\"http:\/\/www.mapmarrakech.ma\/fr\/les-atouts-et-opportunites-dinvestissement-sous-les-feux-des-projecteurs\/\">Les opportunit\u00e9s d\u2019investissement sous les feux des projecteurs<\/a> appeared first on <a rel=\"nofollow\" href=\"http:\/\/www.mapmarrakech.ma\/fr\">MapMarrakech<\/a>.<\/p>\n<\/div>\n<p>Auteur: Meriem IGASS<br \/>\n<a href=\"http:\/\/www.mapmarrakech.ma\/fr\/les-atouts-et-opportunites-dinvestissement-sous-les-feux-des-projecteurs\/\">Cliquez ici pour lire l&rsquo;article depuis sa source.<\/a><\/p>\n","protected":false},"excerpt":{"rendered":"<p>Initi\u00e9e en partenariat avec la pr\u00e9fecture de la province d\u2019Essaouira, la Chambre de Commerce et d\u2019Industrie Isra\u00ebl-France, l\u2019Association Essaouira-Mogador, le Centre R\u00e9gional d\u2019Investissement de Marrakech-Safi (CRI-MS) et Essaouira Innovation LAB, cette rencontre a \u00e9t\u00e9 l\u2019occasion pour les diff\u00e9rents acteurs de faire la lumi\u00e8re sur les grands atouts et les opportunit\u00e9s d\u2019affaires qu\u2019offre la ville aux [&hellip;]<\/p>\n","protected":false},"author":1788,"featured_media":0,"comment_status":"closed","ping_status":"closed","sticky":false,"template":"","format":"standard","meta":{"fifu_image_url":"http:\/\/www.mapmarrakech.ma\/map\/uploads\/2021\/10\/Essaouira-tourisme-copier-6.jpg","fifu_image_alt":"Les opportunit\u00e9s d\u2019investissement sous les feux des projecteurs","footnotes":""},"categories":[54,76],"tags":[],"class_list":["post-131225","post","type-post","status-publish","format-standard","hentry","category-maroc","category-regions"],"_links":{"self":[{"href":"https:\/\/linitiative.ca\/International\/wp-json\/wp\/v2\/posts\/131225","targetHints":{"allow":["GET"]}}],"collection":[{"href":"https:\/\/linitiative.ca\/International\/wp-json\/wp\/v2\/posts"}],"about":[{"href":"https:\/\/linitiative.ca\/International\/wp-json\/wp\/v2\/types\/post"}],"author":[{"embeddable":true,"href":"https:\/\/linitiative.ca\/International\/wp-json\/wp\/v2\/users\/1788"}],"replies":[{"embeddable":true,"href":"https:\/\/linitiative.ca\/International\/wp-json\/wp\/v2\/comments?post=131225"}],"version-history":[{"count":0,"href":"https:\/\/linitiative.ca\/International\/wp-json\/wp\/v2\/posts\/131225\/revisions"}],"wp:attachment":[{"href":"https:\/\/linitiative.ca\/International\/wp-json\/wp\/v2\/media?parent=131225"}],"wp:term":[{"taxonomy":"category","embeddable":true,"href":"https:\/\/linitiative.ca\/International\/wp-json\/wp\/v2\/categories?post=131225"},{"taxonomy":"post_tag","embeddable":true,"href":"https:\/\/linitiative.ca\/International\/wp-json\/wp\/v2\/tags?post=131225"}],"curies":[{"name":"wp","href":"https:\/\/api.w.org\/{rel}","templated":true}]}}