{"id":131227,"date":"2021-10-28T07:40:23","date_gmt":"2021-10-28T11:40:23","guid":{"rendered":"https:\/\/linitiative.ca\/International\/previsions-meteorologiques-pour-le-vendredi-29-octobre-2021\/"},"modified":"2021-10-28T07:40:23","modified_gmt":"2021-10-28T11:40:23","slug":"previsions-meteorologiques-pour-le-vendredi-29-octobre-2021","status":"publish","type":"post","link":"https:\/\/linitiative.ca\/International\/previsions-meteorologiques-pour-le-vendredi-29-octobre-2021\/","title":{"rendered":"Pr\u00e9visions m\u00e9t\u00e9orologiques pour le vendredi 29 octobre 2021"},"content":{"rendered":"<div>\n<div style=\"margin-bottom:20px;\"><img loading=\"lazy\" decoding=\"async\" width=\"750\" height=\"430\" src=\"https:\/\/linitiative.ca\/International\/wp-content\/uploads\/sites\/23\/2021\/10\/soleil-2-3.jpg\" class=\"attachment-post-thumbnail size-post-thumbnail wp-post-image\" alt=\"\" srcset=\"https:\/\/linitiative.ca\/International\/wp-content\/uploads\/sites\/23\/2021\/10\/soleil-2-3.jpg 750w, http:\/\/www.mapmarrakech.ma\/map\/uploads\/2021\/09\/soleil-2-300x172.jpg 300w\" sizes=\"auto, (max-width: 750px) 100vw, 750px\"><\/div>\n<p>\u2013 Formations brumeuses et nuages bas sur les c\u00f4tes Nord et Centre, la M\u00e9diterran\u00e9e et le Nord-Ouest des provinces Sud.<\/p>\n<p>\u2013 Temps stable avec ciel clair \u00e0 peu nuageux ailleurs.<\/p>\n<p>\u2013 Vent faible \u00e0 mod\u00e9r\u00e9 d\u2019Ouest sur l\u2019Oriental et de Nord \u00e0 Ouest en g\u00e9n\u00e9ral ailleurs.<\/p>\n<p>\u2013 Temp\u00e9ratures minimales de l\u2019ordre de 03\/09\u00b0C sur les reliefs et les Hauts plateaux, 09\/14\u00b0C sur la M\u00e9diterran\u00e9e, les versants Sud-Est et les plateaux de phosphates et d\u2019Oulm\u00e8s et 14\/20\u00b0C ailleurs.<\/p>\n<p>\u2013 Temp\u00e9ratures maximales de l\u2019ordre de 15\/20\u00b0C sur les reliefs de l\u2019Atlas, 27\/33\u00b0C sur l\u2019int\u00e9rieur du Souss, les provinces sahariennes et l\u2019extr\u00eame Sud-Est et de 20\/27\u00b0C ailleurs.<\/p>\n<p>\u2013 Mer belle \u00e0 peu agit\u00e9e sur la M\u00e9diterran\u00e9e, peu agit\u00e9e \u00e0 agit\u00e9e sur le D\u00e9troit, agit\u00e9e entre Rabat et Tantan et peu agit\u00e9e \u00e0 agit\u00e9e ailleurs.<\/p>\n<p>The post <a rel=\"nofollow\" href=\"http:\/\/www.mapmarrakech.ma\/fr\/previsions-meteorologiques-pour-le-vendredi-29-octobre-2021\/\">Pr\u00e9visions m\u00e9t\u00e9orologiques pour le vendredi 29 octobre 2021<\/a> appeared first on <a rel=\"nofollow\" href=\"http:\/\/www.mapmarrakech.ma\/fr\">MapMarrakech<\/a>.<\/p>\n<\/div>\n<p>Auteur: Meriem IGASS<br \/>\n<a href=\"http:\/\/www.mapmarrakech.ma\/fr\/previsions-meteorologiques-pour-le-vendredi-29-octobre-2021\/\">Cliquez ici pour lire l&rsquo;article depuis sa source.<\/a><\/p>\n","protected":false},"excerpt":{"rendered":"<p>\u2013 Formations brumeuses et nuages bas sur les c\u00f4tes Nord et Centre, la M\u00e9diterran\u00e9e et le Nord-Ouest des provinces Sud. \u2013 Temps stable avec ciel clair \u00e0 peu nuageux ailleurs. \u2013 Vent faible \u00e0 mod\u00e9r\u00e9 d\u2019Ouest sur l\u2019Oriental et de Nord \u00e0 Ouest en g\u00e9n\u00e9ral ailleurs. \u2013 Temp\u00e9ratures minimales de l\u2019ordre de 03\/09\u00b0C sur les [&hellip;]<\/p>\n","protected":false},"author":1788,"featured_media":0,"comment_status":"closed","ping_status":"closed","sticky":false,"template":"","format":"standard","meta":{"fifu_image_url":"http:\/\/www.mapmarrakech.ma\/map\/uploads\/2021\/09\/soleil-2.jpg","fifu_image_alt":"Pr\u00e9visions m\u00e9t\u00e9orologiques pour le vendredi 29 octobre 2021","footnotes":""},"categories":[54,76],"tags":[],"class_list":["post-131227","post","type-post","status-publish","format-standard","hentry","category-maroc","category-regions"],"_links":{"self":[{"href":"https:\/\/linitiative.ca\/International\/wp-json\/wp\/v2\/posts\/131227","targetHints":{"allow":["GET"]}}],"collection":[{"href":"https:\/\/linitiative.ca\/International\/wp-json\/wp\/v2\/posts"}],"about":[{"href":"https:\/\/linitiative.ca\/International\/wp-json\/wp\/v2\/types\/post"}],"author":[{"embeddable":true,"href":"https:\/\/linitiative.ca\/International\/wp-json\/wp\/v2\/users\/1788"}],"replies":[{"embeddable":true,"href":"https:\/\/linitiative.ca\/International\/wp-json\/wp\/v2\/comments?post=131227"}],"version-history":[{"count":0,"href":"https:\/\/linitiative.ca\/International\/wp-json\/wp\/v2\/posts\/131227\/revisions"}],"wp:attachment":[{"href":"https:\/\/linitiative.ca\/International\/wp-json\/wp\/v2\/media?parent=131227"}],"wp:term":[{"taxonomy":"category","embeddable":true,"href":"https:\/\/linitiative.ca\/International\/wp-json\/wp\/v2\/categories?post=131227"},{"taxonomy":"post_tag","embeddable":true,"href":"https:\/\/linitiative.ca\/International\/wp-json\/wp\/v2\/tags?post=131227"}],"curies":[{"name":"wp","href":"https:\/\/api.w.org\/{rel}","templated":true}]}}