{"id":131233,"date":"2021-10-28T07:57:13","date_gmt":"2021-10-28T11:57:13","guid":{"rendered":"https:\/\/linitiative.ca\/International\/harcelement-dun-detenu-pour-son-refus-de-se-faire-vacciner-mise-au-point\/"},"modified":"2021-10-28T07:57:13","modified_gmt":"2021-10-28T11:57:13","slug":"harcelement-dun-detenu-pour-son-refus-de-se-faire-vacciner-mise-au-point","status":"publish","type":"post","link":"https:\/\/linitiative.ca\/International\/harcelement-dun-detenu-pour-son-refus-de-se-faire-vacciner-mise-au-point\/","title":{"rendered":"Harc\u00e8lement d\u2019un d\u00e9tenu pour son refus de se faire vacciner (mise au point)"},"content":{"rendered":"<div>\n<div style=\"margin-bottom:20px;\"><img loading=\"lazy\" decoding=\"async\" width=\"750\" height=\"430\" src=\"https:\/\/linitiative.ca\/International\/wp-content\/uploads\/sites\/23\/2021\/10\/Port-dun-prison-local-750C397430-MAP.jpg\" class=\"attachment-post-thumbnail size-post-thumbnail wp-post-image\" alt=\"\" srcset=\"https:\/\/linitiative.ca\/International\/wp-content\/uploads\/sites\/23\/2021\/10\/Port-dun-prison-local-750C397430-MAP.jpg 750w, http:\/\/www.mapoujda.ma\/map\/uploads\/2021\/10\/Port-dun-prison-local-750\u00d7430-MAP-300x172.jpg 300w\" sizes=\"auto, (max-width: 750px) 100vw, 750px\"><\/div>\n<p style=\"text-align: justify;\">La direction de la prison locale de Nador 2 a d\u00e9menti les informations v\u00e9hicul\u00e9es par certains sites et r\u00e9seaux sociaux selon lesquelles un d\u00e9tenu aurait entam\u00e9 une gr\u00e8ve de la faim \u00ab\u00a0en protestation contre le harc\u00e8lement dont il a fait l\u2019objet pour son refus de se faire vacciner contre la Covid-19\u00a0\u00bb.<\/p>\n<p style=\"text-align: justify;\">Dans une mise au point, la direction de l\u2019\u00e9tablissement p\u00e9nitentiaire a soulign\u00e9 que ce qui a \u00e9t\u00e9 publi\u00e9 au sujet d\u2019un harc\u00e8lement suppos\u00e9 du pr\u00e9venu (J.A) pour son refus de se faire vacciner contre la Covid19 \u00ab\u00a0est d\u00e9nu\u00e9 de fondement\u00a0\u00bb.<\/p>\n<p style=\"text-align: justify;\">L\u2019int\u00e9ress\u00e9 ayant refus\u00e9 de se faire vacciner, il a \u00e9t\u00e9 transf\u00e9r\u00e9 d\u2019une cellule collective regroupant des d\u00e9tenus qui ont d\u00e9j\u00e0 subi des doses du vaccin contre la Covid19, vers une cellule individuelle, une mesure pr\u00e9ventive en vigueur dans l\u2019ensemble des \u00e9tablissements p\u00e9nitentiaires, souligne la mise au point.<\/p>\n<p style=\"text-align: justify;\">Contrairement \u00e0 ce qui a \u00e9t\u00e9 v\u00e9hicul\u00e9, le d\u00e9tenu n\u2019a fait l\u2019objet d\u2019aucune mesure disciplinaire, ajoute la m\u00eame source, pr\u00e9cisant que ledit pensionnaire, qui n\u2019a jamais d\u00e9clar\u00e9 avoir entam\u00e9 une gr\u00e8ve de la faim, prend r\u00e9guli\u00e8rement ses repas et que la direction de l\u2019\u00e9tablissement n\u2019oblige aucun d\u00e9tenu \u00e0 se faire vacciner.<\/p>\n<p style=\"text-align: justify;\">Ce qui a \u00e9t\u00e9 publi\u00e9 n\u2019est autre qu\u2019une tentative de jeter le doute sur le grand succ\u00e8s que connait actuellement l\u2019op\u00e9ration de vaccination des d\u00e9tenus contre la Covid-19 au sein des \u00e9tablissement p\u00e9nitentiaires, qui a atteint plus de 96%, conclut la mise au point.<\/p>\n<p>L\u2019article <a rel=\"nofollow\" href=\"http:\/\/www.mapoujda.ma\/fr\/harcelement-dun-detenu-pour-son-refus-de-se-faire-vacciner-mise-au-point\/\">Harc\u00e8lement d\u2019un d\u00e9tenu pour son refus de se faire vacciner (mise au point)<\/a> est apparu en premier sur <a rel=\"nofollow\" href=\"http:\/\/www.mapoujda.ma\/fr\">MapOujda<\/a>.<\/p>\n<\/div>\n<p>Auteur: Soufiane ELAHMAR<br \/>\n<a href=\"http:\/\/www.mapoujda.ma\/fr\/harcelement-dun-detenu-pour-son-refus-de-se-faire-vacciner-mise-au-point\/\">Cliquez ici pour lire l&rsquo;article depuis sa source.<\/a><\/p>\n","protected":false},"excerpt":{"rendered":"<p>La direction de la prison locale de Nador 2 a d\u00e9menti les informations v\u00e9hicul\u00e9es par certains sites et r\u00e9seaux sociaux selon lesquelles un d\u00e9tenu aurait entam\u00e9 une gr\u00e8ve de la faim \u00ab\u00a0en protestation contre le harc\u00e8lement dont il a fait l\u2019objet pour son refus de se faire vacciner contre la Covid-19\u00a0\u00bb. Dans une mise au [&hellip;]<\/p>\n","protected":false},"author":1788,"featured_media":0,"comment_status":"closed","ping_status":"closed","sticky":false,"template":"","format":"standard","meta":{"fifu_image_url":"http:\/\/www.mapoujda.ma\/map\/uploads\/2021\/10\/Port-dun-prison-local-750\u00d7430-MAP.jpg","fifu_image_alt":"Harc\u00e8lement d\u2019un d\u00e9tenu pour son refus de se faire vacciner (mise au point)","footnotes":""},"categories":[54,76],"tags":[],"class_list":["post-131233","post","type-post","status-publish","format-standard","hentry","category-maroc","category-regions"],"_links":{"self":[{"href":"https:\/\/linitiative.ca\/International\/wp-json\/wp\/v2\/posts\/131233","targetHints":{"allow":["GET"]}}],"collection":[{"href":"https:\/\/linitiative.ca\/International\/wp-json\/wp\/v2\/posts"}],"about":[{"href":"https:\/\/linitiative.ca\/International\/wp-json\/wp\/v2\/types\/post"}],"author":[{"embeddable":true,"href":"https:\/\/linitiative.ca\/International\/wp-json\/wp\/v2\/users\/1788"}],"replies":[{"embeddable":true,"href":"https:\/\/linitiative.ca\/International\/wp-json\/wp\/v2\/comments?post=131233"}],"version-history":[{"count":0,"href":"https:\/\/linitiative.ca\/International\/wp-json\/wp\/v2\/posts\/131233\/revisions"}],"wp:attachment":[{"href":"https:\/\/linitiative.ca\/International\/wp-json\/wp\/v2\/media?parent=131233"}],"wp:term":[{"taxonomy":"category","embeddable":true,"href":"https:\/\/linitiative.ca\/International\/wp-json\/wp\/v2\/categories?post=131233"},{"taxonomy":"post_tag","embeddable":true,"href":"https:\/\/linitiative.ca\/International\/wp-json\/wp\/v2\/tags?post=131233"}],"curies":[{"name":"wp","href":"https:\/\/api.w.org\/{rel}","templated":true}]}}