{"id":131235,"date":"2021-10-28T10:17:21","date_gmt":"2021-10-28T14:17:21","guid":{"rendered":"https:\/\/linitiative.ca\/International\/prolongation-de-letat-durgence-sanitaire-jusquau-30-novembre-2021\/"},"modified":"2021-10-28T10:17:21","modified_gmt":"2021-10-28T14:17:21","slug":"prolongation-de-letat-durgence-sanitaire-jusquau-30-novembre-2021","status":"publish","type":"post","link":"https:\/\/linitiative.ca\/International\/prolongation-de-letat-durgence-sanitaire-jusquau-30-novembre-2021\/","title":{"rendered":"Prolongation de l\u2019\u00e9tat d\u2019urgence sanitaire jusqu\u2019au 30 novembre 2021"},"content":{"rendered":"<div>\n<div style=\"margin-bottom:20px;\"><img loading=\"lazy\" decoding=\"async\" width=\"750\" height=\"430\" src=\"https:\/\/linitiative.ca\/International\/wp-content\/uploads\/sites\/23\/2021\/10\/La-Police-contrC3B4le-lC3A9tablissement-du-couvre-feu-M750C397430-MAP.jpg\" class=\"attachment-post-thumbnail size-post-thumbnail wp-post-image\" alt=\"\" srcset=\"https:\/\/linitiative.ca\/International\/wp-content\/uploads\/sites\/23\/2021\/10\/La-Police-contrC3B4le-lC3A9tablissement-du-couvre-feu-M750C397430-MAP.jpg 750w, http:\/\/www.mapoujda.ma\/map\/uploads\/2020\/04\/La-Police-contr\u00f4le-l\u00e9tablissement-du-couvre-feu-M750\u00d7430-MAP-300x172.jpg 300w\" sizes=\"auto, (max-width: 750px) 100vw, 750px\"><\/div>\n<p align=\"justify\">Le Conseil de gouvernement, r\u00e9uni jeudi \u00e0 Rabat, a d\u00e9cid\u00e9 de prolonger l\u2019\u00e9tat d\u2019urgence sanitaire sur l\u2019ensemble du territoire national jusqu\u2019au 30 novembre 2021, et ce dans le cadre des efforts de lutte contre la propagation de la pand\u00e9mie du nouveau coronavirus (Covid-19).<\/p>\n<p align=\"justify\">L\u2019\u00e9tat d\u2019urgence sanitaire a \u00e9t\u00e9 prolong\u00e9 d\u2019un mois au lieu de deux, comme c\u2019\u00e9tait le cas pr\u00e9c\u00e9demment, a indiqu\u00e9 le Porte-parole du gouvernement, Mustapha Baitas, lors d\u2019un point de presse tenu \u00e0 l\u2019issue du Conseil.<\/p>\n<p>L\u2019article <a rel=\"nofollow\" href=\"http:\/\/www.mapoujda.ma\/fr\/covid-19-prolongation-de-letat-durgence-sanitaire-jusquau-30-novembre-2021\/\">Prolongation de l\u2019\u00e9tat d\u2019urgence sanitaire jusqu\u2019au 30 novembre 2021<\/a> est apparu en premier sur <a rel=\"nofollow\" href=\"http:\/\/www.mapoujda.ma\/fr\">MapOujda<\/a>.<\/p>\n<\/div>\n<p>Auteur: Soufiane ELAHMAR<br \/>\n<a href=\"http:\/\/www.mapoujda.ma\/fr\/covid-19-prolongation-de-letat-durgence-sanitaire-jusquau-30-novembre-2021\/\">Cliquez ici pour lire l&rsquo;article depuis sa source.<\/a><\/p>\n","protected":false},"excerpt":{"rendered":"<p>Le Conseil de gouvernement, r\u00e9uni jeudi \u00e0 Rabat, a d\u00e9cid\u00e9 de prolonger l\u2019\u00e9tat d\u2019urgence sanitaire sur l\u2019ensemble du territoire national jusqu\u2019au 30 novembre 2021, et ce dans le cadre des efforts de lutte contre la propagation de la pand\u00e9mie du nouveau coronavirus (Covid-19). L\u2019\u00e9tat d\u2019urgence sanitaire a \u00e9t\u00e9 prolong\u00e9 d\u2019un mois au lieu de deux, [&hellip;]<\/p>\n","protected":false},"author":1788,"featured_media":0,"comment_status":"closed","ping_status":"closed","sticky":false,"template":"","format":"standard","meta":{"fifu_image_url":"http:\/\/www.mapoujda.ma\/map\/uploads\/2020\/04\/La-Police-contr\u00f4le-l\u00e9tablissement-du-couvre-feu-M750\u00d7430-MAP.jpg","fifu_image_alt":"Prolongation de l\u2019\u00e9tat d\u2019urgence sanitaire jusqu\u2019au 30 novembre 2021","footnotes":""},"categories":[54,76],"tags":[],"class_list":["post-131235","post","type-post","status-publish","format-standard","hentry","category-maroc","category-regions"],"_links":{"self":[{"href":"https:\/\/linitiative.ca\/International\/wp-json\/wp\/v2\/posts\/131235","targetHints":{"allow":["GET"]}}],"collection":[{"href":"https:\/\/linitiative.ca\/International\/wp-json\/wp\/v2\/posts"}],"about":[{"href":"https:\/\/linitiative.ca\/International\/wp-json\/wp\/v2\/types\/post"}],"author":[{"embeddable":true,"href":"https:\/\/linitiative.ca\/International\/wp-json\/wp\/v2\/users\/1788"}],"replies":[{"embeddable":true,"href":"https:\/\/linitiative.ca\/International\/wp-json\/wp\/v2\/comments?post=131235"}],"version-history":[{"count":0,"href":"https:\/\/linitiative.ca\/International\/wp-json\/wp\/v2\/posts\/131235\/revisions"}],"wp:attachment":[{"href":"https:\/\/linitiative.ca\/International\/wp-json\/wp\/v2\/media?parent=131235"}],"wp:term":[{"taxonomy":"category","embeddable":true,"href":"https:\/\/linitiative.ca\/International\/wp-json\/wp\/v2\/categories?post=131235"},{"taxonomy":"post_tag","embeddable":true,"href":"https:\/\/linitiative.ca\/International\/wp-json\/wp\/v2\/tags?post=131235"}],"curies":[{"name":"wp","href":"https:\/\/api.w.org\/{rel}","templated":true}]}}