{"id":131240,"date":"2021-10-28T11:24:01","date_gmt":"2021-10-28T15:24:01","guid":{"rendered":"https:\/\/linitiative.ca\/International\/covid-303-nouveaux-cas-7-deces\/"},"modified":"2021-10-28T11:24:01","modified_gmt":"2021-10-28T15:24:01","slug":"covid-303-nouveaux-cas-7-deces","status":"publish","type":"post","link":"https:\/\/linitiative.ca\/International\/covid-303-nouveaux-cas-7-deces\/","title":{"rendered":"Covid: 303 nouveaux cas, 7 d\u00e9c\u00e8s"},"content":{"rendered":"<div>\n<div class=\"field field-name-body field-type-text-with-summary field-label-hidden\">\n<div class=\"field-items\">\n<div class=\"field-item even\" property=\"content:encoded\">\n<p class=\"rtejustify\">Le nombre de personnes ayant re\u00e7u la 3e dose du vaccin anti-Covid atteint\u00a01 328 001 depuis le lancement de l&rsquo;op\u00e9ration, indique ce jeudi le minist\u00e8re de la Sant\u00e9. Pour la premi\u00e8re dose, le nombre de vaccin\u00e9s s&rsquo;\u00e9tablit \u00e0<b> <\/b>24 127 126,\u00a0alors que celui des personnes ayant re\u00e7u la 2e dose s&rsquo;\u00e9l\u00e8ve d\u00e9sormais \u00e0 21 936 348.<\/p>\n<p class=\"rtejustify\">Concernant la situation \u00e9pid\u00e9miologique, 303\u00a0nouveaux cas d&rsquo;infection au nouveau coronavirus (Covid-19) 386 et gu\u00e9risons ont \u00e9t\u00e9 enregistr\u00e9s \u00e0 l&rsquo;\u00e9chelle nationale dans les derni\u00e8res 24 heures.<\/p>\n<\/div>\n<\/div>\n<\/div>\n<\/div>\n<p>Auteur: mbasraoui<br \/>\n<a href=\"https:\/\/www.leconomiste.com\/flash-infos\/covid-398-nouveaux-cas-11-deces-0\">Cliquez ici pour lire l&rsquo;article depuis sa source.<\/a><\/p>\n","protected":false},"excerpt":{"rendered":"<p>Le nombre de personnes ayant re\u00e7u la 3e dose du vaccin anti-Covid atteint\u00a01 328 001 depuis le lancement de l&rsquo;op\u00e9ration, indique ce jeudi le minist\u00e8re de la Sant\u00e9. Pour la premi\u00e8re dose, le nombre de vaccin\u00e9s s&rsquo;\u00e9tablit \u00e0 24 127 126,\u00a0alors que celui des personnes ayant re\u00e7u la 2e dose s&rsquo;\u00e9l\u00e8ve d\u00e9sormais \u00e0 21 936 [&hellip;]<\/p>\n","protected":false},"author":1763,"featured_media":0,"comment_status":"closed","ping_status":"closed","sticky":false,"template":"","format":"standard","meta":{"fifu_image_url":"","fifu_image_alt":"","footnotes":""},"categories":[78,54],"tags":[],"class_list":["post-131240","post","type-post","status-publish","format-standard","hentry","category-economie","category-maroc"],"_links":{"self":[{"href":"https:\/\/linitiative.ca\/International\/wp-json\/wp\/v2\/posts\/131240","targetHints":{"allow":["GET"]}}],"collection":[{"href":"https:\/\/linitiative.ca\/International\/wp-json\/wp\/v2\/posts"}],"about":[{"href":"https:\/\/linitiative.ca\/International\/wp-json\/wp\/v2\/types\/post"}],"author":[{"embeddable":true,"href":"https:\/\/linitiative.ca\/International\/wp-json\/wp\/v2\/users\/1763"}],"replies":[{"embeddable":true,"href":"https:\/\/linitiative.ca\/International\/wp-json\/wp\/v2\/comments?post=131240"}],"version-history":[{"count":0,"href":"https:\/\/linitiative.ca\/International\/wp-json\/wp\/v2\/posts\/131240\/revisions"}],"wp:attachment":[{"href":"https:\/\/linitiative.ca\/International\/wp-json\/wp\/v2\/media?parent=131240"}],"wp:term":[{"taxonomy":"category","embeddable":true,"href":"https:\/\/linitiative.ca\/International\/wp-json\/wp\/v2\/categories?post=131240"},{"taxonomy":"post_tag","embeddable":true,"href":"https:\/\/linitiative.ca\/International\/wp-json\/wp\/v2\/tags?post=131240"}],"curies":[{"name":"wp","href":"https:\/\/api.w.org\/{rel}","templated":true}]}}