{"id":131241,"date":"2021-10-28T11:32:23","date_gmt":"2021-10-28T15:32:23","guid":{"rendered":"https:\/\/linitiative.ca\/International\/la-colombie-annonce-la-reconnaissance-de-la-souverainete-du-maroc-sur-le-sahara\/"},"modified":"2021-10-28T11:32:23","modified_gmt":"2021-10-28T15:32:23","slug":"la-colombie-annonce-la-reconnaissance-de-la-souverainete-du-maroc-sur-le-sahara","status":"publish","type":"post","link":"https:\/\/linitiative.ca\/International\/la-colombie-annonce-la-reconnaissance-de-la-souverainete-du-maroc-sur-le-sahara\/","title":{"rendered":"La Colombie annonce la reconnaissance de la souverainet\u00e9 du Maroc sur le Sahara"},"content":{"rendered":"<div>\n<div class=\"field field-name-body field-type-text-with-summary field-label-hidden\">\n<div class=\"field-items\">\n<div class=\"field-item even\" property=\"content:encoded\">\n<p class=\"rtejustify\">La vice-pr\u00e9sidente et ministre des Relations ext\u00e9rieures de Colombie, Marta Lucia Ramirez, a fait part jeudi des instructions donn\u00e9es au nouvel ambassadeur de son pays \u00e0 Rabat, pour \u00e9tendre la juridiction consulaire de l&rsquo;ambassade de Colombie au Royaume du Maroc sur tout le territoire marocain, incluant le Sahara.<\/p>\n<\/div>\n<\/div>\n<\/div>\n<\/div>\n<p>Auteur: hgueye<br \/>\n<a href=\"https:\/\/www.leconomiste.com\/flash-infos\/la-colombie-annonce-la-reconnaissance-de-la-souverainete-du-maroc-sur-le-sahara\">Cliquez ici pour lire l&rsquo;article depuis sa source.<\/a><\/p>\n","protected":false},"excerpt":{"rendered":"<p>La vice-pr\u00e9sidente et ministre des Relations ext\u00e9rieures de Colombie, Marta Lucia Ramirez, a fait part jeudi des instructions donn\u00e9es au nouvel ambassadeur de son pays \u00e0 Rabat, pour \u00e9tendre la juridiction consulaire de l&rsquo;ambassade de Colombie au Royaume du Maroc sur tout le territoire marocain, incluant le Sahara. Auteur: hgueye Cliquez ici pour lire l&rsquo;article [&hellip;]<\/p>\n","protected":false},"author":1763,"featured_media":0,"comment_status":"closed","ping_status":"closed","sticky":false,"template":"","format":"standard","meta":{"fifu_image_url":"","fifu_image_alt":"","footnotes":""},"categories":[78,54],"tags":[],"class_list":["post-131241","post","type-post","status-publish","format-standard","hentry","category-economie","category-maroc"],"_links":{"self":[{"href":"https:\/\/linitiative.ca\/International\/wp-json\/wp\/v2\/posts\/131241","targetHints":{"allow":["GET"]}}],"collection":[{"href":"https:\/\/linitiative.ca\/International\/wp-json\/wp\/v2\/posts"}],"about":[{"href":"https:\/\/linitiative.ca\/International\/wp-json\/wp\/v2\/types\/post"}],"author":[{"embeddable":true,"href":"https:\/\/linitiative.ca\/International\/wp-json\/wp\/v2\/users\/1763"}],"replies":[{"embeddable":true,"href":"https:\/\/linitiative.ca\/International\/wp-json\/wp\/v2\/comments?post=131241"}],"version-history":[{"count":0,"href":"https:\/\/linitiative.ca\/International\/wp-json\/wp\/v2\/posts\/131241\/revisions"}],"wp:attachment":[{"href":"https:\/\/linitiative.ca\/International\/wp-json\/wp\/v2\/media?parent=131241"}],"wp:term":[{"taxonomy":"category","embeddable":true,"href":"https:\/\/linitiative.ca\/International\/wp-json\/wp\/v2\/categories?post=131241"},{"taxonomy":"post_tag","embeddable":true,"href":"https:\/\/linitiative.ca\/International\/wp-json\/wp\/v2\/tags?post=131241"}],"curies":[{"name":"wp","href":"https:\/\/api.w.org\/{rel}","templated":true}]}}