{"id":131249,"date":"2021-10-28T06:34:30","date_gmt":"2021-10-28T10:34:30","guid":{"rendered":"https:\/\/linitiative.ca\/International\/oran-entre-la-deconvenue-du-fln-et-le-repositionnement-du-rnd\/"},"modified":"2021-10-28T06:34:30","modified_gmt":"2021-10-28T10:34:30","slug":"oran-entre-la-deconvenue-du-fln-et-le-repositionnement-du-rnd","status":"publish","type":"post","link":"https:\/\/linitiative.ca\/International\/oran-entre-la-deconvenue-du-fln-et-le-repositionnement-du-rnd\/","title":{"rendered":"Oran : Entre la d\u00e9convenue du FLN et le repositionnement du RND"},"content":{"rendered":"<div>\n<div class=\"sriret\"><img decoding=\"async\" src=\"https:\/\/linitiative.ca\/International\/wp-content\/uploads\/sites\/23\/2021\/10\/default-picture-709x366_c-58.jpg\"><\/div>\n<p>Les r\u00e9sultats des recours, une cinquantaine, introduits devant la justice pour le rep\u00eachage ou pas de certains candidats rejet\u00e9s des listes \u00e9lectorales \u00e0 Oran, ne vont pas influer sur la configuration politique des futures assembl\u00e9es qui sortiront du vote du 27 novembre prochain.<\/p>\n<p>Une situation in\u00e9dite avec un parti comme le FLN, auparavant grand gagnant, mais qui cette fois bute sur la pr\u00e9sentation d\u2019une liste \u00e0 l\u2019APC d\u2019Oran et d\u2019une autre \u00e0 l\u2019APW. Il est n\u00e9anmoins le premier \u00e0 pr\u00e9senter le plus grand nombre de listes \u00e0 l\u2019\u00e9chelle de la wilaya, malgr\u00e9 sa pr\u00e9sence dans 20 communes parmi les 26 que compte la wilaya d\u2019Oran, la d\u00e9convenue est tr\u00e8s mal dig\u00e9r\u00e9e par les militants.<\/p>\n<p><strong>Retrouvez l\u2019int\u00e9gralit\u00e9 de nos articles sur la version papier<\/strong><\/p>\n<p>L\u2019article <a rel=\"nofollow\" href=\"https:\/\/www.elwatan.com\/edition\/actualite\/oran-entre-la-deconvenue-du-fln-et-le-repositionnement-du-rnd-28-10-2021\">Oran : Entre la d\u00e9convenue du FLN et le repositionnement du RND<\/a> est apparu en premier sur <a rel=\"nofollow\" href=\"https:\/\/www.elwatan.com\/\">El Watan<\/a>.<\/p>\n<\/div>\n<p>Auteur: Hicham Chouadria<br \/>\n<a href=\"https:\/\/www.elwatan.com\/edition\/actualite\/oran-entre-la-deconvenue-du-fln-et-le-repositionnement-du-rnd-28-10-2021\">Cliquez ici pour lire l&rsquo;article depuis sa source.<\/a><\/p>\n","protected":false},"excerpt":{"rendered":"<p>Les r\u00e9sultats des recours, une cinquantaine, introduits devant la justice pour le rep\u00eachage ou pas de certains candidats rejet\u00e9s des listes \u00e9lectorales \u00e0 Oran, ne vont pas influer sur la configuration politique des futures assembl\u00e9es qui sortiront du vote du 27 novembre prochain. Une situation in\u00e9dite avec un parti comme le FLN, auparavant grand gagnant, [&hellip;]<\/p>\n","protected":false},"author":1743,"featured_media":0,"comment_status":"closed","ping_status":"closed","sticky":false,"template":"","format":"standard","meta":{"fifu_image_url":"https:\/\/www.elwatan.com\/wp-content\/themes\/spectr\/img\/default-picture-709x366_c.jpg","fifu_image_alt":"Oran : Entre la d\u00e9convenue du FLN et le repositionnement du RND","footnotes":""},"categories":[73,53],"tags":[],"class_list":["post-131249","post","type-post","status-publish","format-standard","hentry","category-actualite","category-algerie"],"_links":{"self":[{"href":"https:\/\/linitiative.ca\/International\/wp-json\/wp\/v2\/posts\/131249","targetHints":{"allow":["GET"]}}],"collection":[{"href":"https:\/\/linitiative.ca\/International\/wp-json\/wp\/v2\/posts"}],"about":[{"href":"https:\/\/linitiative.ca\/International\/wp-json\/wp\/v2\/types\/post"}],"author":[{"embeddable":true,"href":"https:\/\/linitiative.ca\/International\/wp-json\/wp\/v2\/users\/1743"}],"replies":[{"embeddable":true,"href":"https:\/\/linitiative.ca\/International\/wp-json\/wp\/v2\/comments?post=131249"}],"version-history":[{"count":0,"href":"https:\/\/linitiative.ca\/International\/wp-json\/wp\/v2\/posts\/131249\/revisions"}],"wp:attachment":[{"href":"https:\/\/linitiative.ca\/International\/wp-json\/wp\/v2\/media?parent=131249"}],"wp:term":[{"taxonomy":"category","embeddable":true,"href":"https:\/\/linitiative.ca\/International\/wp-json\/wp\/v2\/categories?post=131249"},{"taxonomy":"post_tag","embeddable":true,"href":"https:\/\/linitiative.ca\/International\/wp-json\/wp\/v2\/tags?post=131249"}],"curies":[{"name":"wp","href":"https:\/\/api.w.org\/{rel}","templated":true}]}}