{"id":131251,"date":"2021-10-28T06:35:55","date_gmt":"2021-10-28T10:35:55","guid":{"rendered":"https:\/\/linitiative.ca\/International\/salah-goudjil-denonce-le-slogan-de-badissia-novembaria-cest-un-mensonge-sur-lhistoire\/"},"modified":"2021-10-28T06:35:55","modified_gmt":"2021-10-28T10:35:55","slug":"salah-goudjil-denonce-le-slogan-de-badissia-novembaria-cest-un-mensonge-sur-lhistoire","status":"publish","type":"post","link":"https:\/\/linitiative.ca\/International\/salah-goudjil-denonce-le-slogan-de-badissia-novembaria-cest-un-mensonge-sur-lhistoire\/","title":{"rendered":"Salah Goudjil d\u00e9nonce le slogan de \u00a0\u00abBadissia-Novembaria\u00bb : \u00abC\u2019est un mensonge sur l\u2019Histoire\u00a0!\u00bb"},"content":{"rendered":"<div>\n<div class=\"sriret\"><img loading=\"lazy\" decoding=\"async\" width=\"1024\" height=\"570\" src=\"https:\/\/linitiative.ca\/International\/wp-content\/uploads\/sites\/23\/2021\/10\/Salah-Goudjil.jpg\" class=\"attachment-featured_large size-featured_large wp-post-image\" alt=\"\" style=\"margin-bottom: 15px;\" srcset=\"https:\/\/linitiative.ca\/International\/wp-content\/uploads\/sites\/23\/2021\/10\/Salah-Goudjil.jpg 1024w, https:\/\/www.elwatan.com\/wp-content\/uploads\/2021\/02\/Salah-Goudjil-300x167.jpg 300w, https:\/\/www.elwatan.com\/wp-content\/uploads\/2021\/02\/Salah-Goudjil-768x428.jpg 768w\" sizes=\"auto, (max-width: 1024px) 100vw, 1024px\"><\/div>\n<p>Le pr\u00e9sident du Conseil de la Nation, Salah Goudjil, tacle violemment les promoteurs du slogan \u00abbadissia-novembaria\u00bb, mis en avant pour la premi\u00e8re fois en 2019.<\/p>\n<p>Intervenant \u00e0 l\u2019occasion d\u2019une rencontre parlementaire organis\u00e9e, hier, au S\u00e9nat \u00e0 l\u2019occasion du 67e anniversaire du d\u00e9clenchement de la guerre de Lib\u00e9ration nationale, le moudjahid et un des acteurs de la R\u00e9volution apporte une r\u00e9ponse claire et sans ambages \u00e0 cette tentative de travestir l\u2019Histoire du pays, et particuli\u00e8rement celle de la R\u00e9volution (1954-1962).<\/p>\n<p><strong>Retrouvez l\u2019int\u00e9gralit\u00e9 de nos articles sur la version papier<\/strong><\/p>\n<p>L\u2019article <a rel=\"nofollow\" href=\"https:\/\/www.elwatan.com\/edition\/actualite\/salah-goudjil-denonce-le-slogan-de-badissia-novembaria-cest-un-mensonge-sur-lhistoire-28-10-2021\">Salah Goudjil d\u00e9nonce le slogan de \u00a0\u00abBadissia-Novembaria\u00bb : \u00abC\u2019est un mensonge sur l\u2019Histoire\u00a0!\u00bb<\/a> est apparu en premier sur <a rel=\"nofollow\" href=\"https:\/\/www.elwatan.com\/\">El Watan<\/a>.<\/p>\n<\/div>\n<p>Auteur: Hicham Chouadria<br \/>\n<a href=\"https:\/\/www.elwatan.com\/edition\/actualite\/salah-goudjil-denonce-le-slogan-de-badissia-novembaria-cest-un-mensonge-sur-lhistoire-28-10-2021\">Cliquez ici pour lire l&rsquo;article depuis sa source.<\/a><\/p>\n","protected":false},"excerpt":{"rendered":"<p>Le pr\u00e9sident du Conseil de la Nation, Salah Goudjil, tacle violemment les promoteurs du slogan \u00abbadissia-novembaria\u00bb, mis en avant pour la premi\u00e8re fois en 2019. Intervenant \u00e0 l\u2019occasion d\u2019une rencontre parlementaire organis\u00e9e, hier, au S\u00e9nat \u00e0 l\u2019occasion du 67e anniversaire du d\u00e9clenchement de la guerre de Lib\u00e9ration nationale, le moudjahid et un des acteurs de [&hellip;]<\/p>\n","protected":false},"author":1743,"featured_media":0,"comment_status":"closed","ping_status":"closed","sticky":false,"template":"","format":"standard","meta":{"fifu_image_url":"https:\/\/www.elwatan.com\/wp-content\/uploads\/2021\/02\/Salah-Goudjil.jpg","fifu_image_alt":"Salah Goudjil d\u00e9nonce le slogan de \u00a0\u00abBadissia-Novembaria\u00bb : \u00abC\u2019est un mensonge sur l\u2019Histoire\u00a0!\u00bb","footnotes":""},"categories":[73,53],"tags":[],"class_list":["post-131251","post","type-post","status-publish","format-standard","hentry","category-actualite","category-algerie"],"_links":{"self":[{"href":"https:\/\/linitiative.ca\/International\/wp-json\/wp\/v2\/posts\/131251","targetHints":{"allow":["GET"]}}],"collection":[{"href":"https:\/\/linitiative.ca\/International\/wp-json\/wp\/v2\/posts"}],"about":[{"href":"https:\/\/linitiative.ca\/International\/wp-json\/wp\/v2\/types\/post"}],"author":[{"embeddable":true,"href":"https:\/\/linitiative.ca\/International\/wp-json\/wp\/v2\/users\/1743"}],"replies":[{"embeddable":true,"href":"https:\/\/linitiative.ca\/International\/wp-json\/wp\/v2\/comments?post=131251"}],"version-history":[{"count":0,"href":"https:\/\/linitiative.ca\/International\/wp-json\/wp\/v2\/posts\/131251\/revisions"}],"wp:attachment":[{"href":"https:\/\/linitiative.ca\/International\/wp-json\/wp\/v2\/media?parent=131251"}],"wp:term":[{"taxonomy":"category","embeddable":true,"href":"https:\/\/linitiative.ca\/International\/wp-json\/wp\/v2\/categories?post=131251"},{"taxonomy":"post_tag","embeddable":true,"href":"https:\/\/linitiative.ca\/International\/wp-json\/wp\/v2\/tags?post=131251"}],"curies":[{"name":"wp","href":"https:\/\/api.w.org\/{rel}","templated":true}]}}