{"id":131253,"date":"2021-10-28T06:38:26","date_gmt":"2021-10-28T10:38:26","guid":{"rendered":"https:\/\/linitiative.ca\/International\/les-pratiques-linguistiques-otages-denjeux-ideologiques-surenchere-sur-les-langues\/"},"modified":"2021-10-28T06:38:26","modified_gmt":"2021-10-28T10:38:26","slug":"les-pratiques-linguistiques-otages-denjeux-ideologiques-surenchere-sur-les-langues","status":"publish","type":"post","link":"https:\/\/linitiative.ca\/International\/les-pratiques-linguistiques-otages-denjeux-ideologiques-surenchere-sur-les-langues\/","title":{"rendered":"Les pratiques linguistiques otages d\u2019enjeux id\u00e9ologiques : Surench\u00e8re sur les langues\u00a0"},"content":{"rendered":"<div>\n<div class=\"sriret\"><img loading=\"lazy\" decoding=\"async\" width=\"600\" height=\"448\" src=\"https:\/\/linitiative.ca\/International\/wp-content\/uploads\/sites\/23\/2021\/10\/langues-col-e1591391131458.png\" class=\"attachment-featured_large size-featured_large wp-post-image\" alt=\"\" style=\"margin-bottom: 15px;\"><\/div>\n<p>La probl\u00e9matique des langues refait encore une fois surface \u00e0 la suite des r\u00e9centes instructions donn\u00e9es par quelques d\u00e9partements minist\u00e9riels pour la g\u00e9n\u00e9ralisation de l\u2019utilisation de la langue arabe. Apr\u00e8s les notes internes de trois minist\u00e8res, ce sont certains \u00e9tablissements hospitaliers qui se mettent de la partie.<\/p>\n<p>Le responsable de l\u2019un d\u2019eux a instruit les m\u00e9decins y exer\u00e7ant de ne r\u00e9diger les prescriptions m\u00e9dicales qu\u2019en langue arabe. Bien que ce ne soit pas mentionn\u00e9 dans ces documents, c\u2019est l\u2019usage du fran\u00e7ais qui est cibl\u00e9, comme l\u2019affirment clairement les cercles qui s\u2019en f\u00e9licitent.<\/p>\n<p><strong>Retrouvez l\u2019int\u00e9gralit\u00e9 de nos articles sur la version papier<\/strong><\/p>\n<p>L\u2019article <a rel=\"nofollow\" href=\"https:\/\/www.elwatan.com\/edition\/actualite\/les-pratiques-linguistiques-otages-denjeux-ideologiques-surenchere-sur-les-langues-28-10-2021\">Les pratiques linguistiques otages d\u2019enjeux id\u00e9ologiques : Surench\u00e8re sur les langues\u00a0<\/a> est apparu en premier sur <a rel=\"nofollow\" href=\"https:\/\/www.elwatan.com\/\">El Watan<\/a>.<\/p>\n<\/div>\n<p>Auteur: Hicham Chouadria<br \/>\n<a href=\"https:\/\/www.elwatan.com\/edition\/actualite\/les-pratiques-linguistiques-otages-denjeux-ideologiques-surenchere-sur-les-langues-28-10-2021\">Cliquez ici pour lire l&rsquo;article depuis sa source.<\/a><\/p>\n","protected":false},"excerpt":{"rendered":"<p>La probl\u00e9matique des langues refait encore une fois surface \u00e0 la suite des r\u00e9centes instructions donn\u00e9es par quelques d\u00e9partements minist\u00e9riels pour la g\u00e9n\u00e9ralisation de l\u2019utilisation de la langue arabe. Apr\u00e8s les notes internes de trois minist\u00e8res, ce sont certains \u00e9tablissements hospitaliers qui se mettent de la partie. Le responsable de l\u2019un d\u2019eux a instruit les [&hellip;]<\/p>\n","protected":false},"author":1743,"featured_media":0,"comment_status":"closed","ping_status":"closed","sticky":false,"template":"","format":"standard","meta":{"fifu_image_url":"https:\/\/www.elwatan.com\/wp-content\/uploads\/2020\/06\/langues-col-e1591391131458.png","fifu_image_alt":"Les pratiques linguistiques otages d\u2019enjeux id\u00e9ologiques : Surench\u00e8re sur les langues\u00a0","footnotes":""},"categories":[73,53],"tags":[],"class_list":["post-131253","post","type-post","status-publish","format-standard","hentry","category-actualite","category-algerie"],"_links":{"self":[{"href":"https:\/\/linitiative.ca\/International\/wp-json\/wp\/v2\/posts\/131253","targetHints":{"allow":["GET"]}}],"collection":[{"href":"https:\/\/linitiative.ca\/International\/wp-json\/wp\/v2\/posts"}],"about":[{"href":"https:\/\/linitiative.ca\/International\/wp-json\/wp\/v2\/types\/post"}],"author":[{"embeddable":true,"href":"https:\/\/linitiative.ca\/International\/wp-json\/wp\/v2\/users\/1743"}],"replies":[{"embeddable":true,"href":"https:\/\/linitiative.ca\/International\/wp-json\/wp\/v2\/comments?post=131253"}],"version-history":[{"count":0,"href":"https:\/\/linitiative.ca\/International\/wp-json\/wp\/v2\/posts\/131253\/revisions"}],"wp:attachment":[{"href":"https:\/\/linitiative.ca\/International\/wp-json\/wp\/v2\/media?parent=131253"}],"wp:term":[{"taxonomy":"category","embeddable":true,"href":"https:\/\/linitiative.ca\/International\/wp-json\/wp\/v2\/categories?post=131253"},{"taxonomy":"post_tag","embeddable":true,"href":"https:\/\/linitiative.ca\/International\/wp-json\/wp\/v2\/tags?post=131253"}],"curies":[{"name":"wp","href":"https:\/\/api.w.org\/{rel}","templated":true}]}}