{"id":131255,"date":"2021-10-28T06:40:57","date_gmt":"2021-10-28T10:40:57","guid":{"rendered":"https:\/\/linitiative.ca\/International\/crise-politique-au-soudan-les-militaires-isoles\/"},"modified":"2021-10-28T06:40:57","modified_gmt":"2021-10-28T10:40:57","slug":"crise-politique-au-soudan-les-militaires-isoles","status":"publish","type":"post","link":"https:\/\/linitiative.ca\/International\/crise-politique-au-soudan-les-militaires-isoles\/","title":{"rendered":"Crise politique au Soudan : Les militaires isol\u00e9s"},"content":{"rendered":"<div>\n<div class=\"sriret\"><img loading=\"lazy\" decoding=\"async\" width=\"800\" height=\"600\" src=\"https:\/\/linitiative.ca\/International\/wp-content\/uploads\/sites\/23\/2021\/10\/soudan-col.jpg\" class=\"attachment-featured_large size-featured_large wp-post-image\" alt=\"\" style=\"margin-bottom: 15px;\" srcset=\"https:\/\/linitiative.ca\/International\/wp-content\/uploads\/sites\/23\/2021\/10\/soudan-col.jpg 800w, https:\/\/www.elwatan.com\/wp-content\/uploads\/2019\/06\/soudan-col-300x225.jpg 300w, https:\/\/www.elwatan.com\/wp-content\/uploads\/2019\/06\/soudan-col-768x576.jpg 768w\" sizes=\"auto, (max-width: 800px) 100vw, 800px\"><\/div>\n<p>Des manifestants \u00e9taient encore dans les rues hier au Soudan pour protester contre le coup d\u2019Etat militaire de lundi et l\u2019arrestation de hauts dirigeants civils, notamment le Premier ministre Abdallah Hamdok, rapporte l\u2019AFP. Ce dernier a \u00e9t\u00e9 ramen\u00e9 chez lui mardi soir.<\/p>\n<p>Aussi, les forces de s\u00e9curit\u00e9 ont multipli\u00e9 en cette journ\u00e9e de mercredi les arrestations de militants et de manifestants et quadrill\u00e9 Khartoum pour \u00e9touffer l\u2019opposition au coup d\u2019Etat. Ainsi, un des leaders du plus grand parti du Soudan, Al Oumma, a \u00e9t\u00e9 arr\u00eat\u00e9 de m\u00eame que d\u2019autres militants et manifestants qui bloquaient les principales avenues de Khartoum. Les militants ont appel\u00e9 sur les r\u00e9seaux sociaux \u00e0 une \u00abmanifestation d\u2019un million de personnes\u00bb samedi pour r\u00e9clamer le transfert complet du pouvoir aux civils. De son c\u00f4t\u00e9, la Banque mondiale a annonc\u00e9 avoir suspendu sa coop\u00e9ration avec Khartoum.<\/p>\n<p><strong>Retrouvez l\u2019int\u00e9gralit\u00e9 de nos articles sur la version papier<\/strong><\/p>\n<p>L\u2019article <a rel=\"nofollow\" href=\"https:\/\/www.elwatan.com\/a-la-une\/crise-politique-au-soudan-les-militaires-isoles-28-10-2021\">Crise politique au Soudan : Les militaires isol\u00e9s<\/a> est apparu en premier sur <a rel=\"nofollow\" href=\"https:\/\/www.elwatan.com\/\">El Watan<\/a>.<\/p>\n<\/div>\n<p>Auteur: Hicham Chouadria<br \/>\n<a href=\"https:\/\/www.elwatan.com\/a-la-une\/crise-politique-au-soudan-les-militaires-isoles-28-10-2021\">Cliquez ici pour lire l&rsquo;article depuis sa source.<\/a><\/p>\n","protected":false},"excerpt":{"rendered":"<p>Des manifestants \u00e9taient encore dans les rues hier au Soudan pour protester contre le coup d\u2019Etat militaire de lundi et l\u2019arrestation de hauts dirigeants civils, notamment le Premier ministre Abdallah Hamdok, rapporte l\u2019AFP. Ce dernier a \u00e9t\u00e9 ramen\u00e9 chez lui mardi soir. Aussi, les forces de s\u00e9curit\u00e9 ont multipli\u00e9 en cette journ\u00e9e de mercredi les [&hellip;]<\/p>\n","protected":false},"author":1743,"featured_media":0,"comment_status":"closed","ping_status":"closed","sticky":false,"template":"","format":"standard","meta":{"fifu_image_url":"https:\/\/www.elwatan.com\/wp-content\/uploads\/2019\/06\/soudan-col.jpg","fifu_image_alt":"Crise politique au Soudan : Les militaires isol\u00e9s","footnotes":""},"categories":[73,53],"tags":[],"class_list":["post-131255","post","type-post","status-publish","format-standard","hentry","category-actualite","category-algerie"],"_links":{"self":[{"href":"https:\/\/linitiative.ca\/International\/wp-json\/wp\/v2\/posts\/131255","targetHints":{"allow":["GET"]}}],"collection":[{"href":"https:\/\/linitiative.ca\/International\/wp-json\/wp\/v2\/posts"}],"about":[{"href":"https:\/\/linitiative.ca\/International\/wp-json\/wp\/v2\/types\/post"}],"author":[{"embeddable":true,"href":"https:\/\/linitiative.ca\/International\/wp-json\/wp\/v2\/users\/1743"}],"replies":[{"embeddable":true,"href":"https:\/\/linitiative.ca\/International\/wp-json\/wp\/v2\/comments?post=131255"}],"version-history":[{"count":0,"href":"https:\/\/linitiative.ca\/International\/wp-json\/wp\/v2\/posts\/131255\/revisions"}],"wp:attachment":[{"href":"https:\/\/linitiative.ca\/International\/wp-json\/wp\/v2\/media?parent=131255"}],"wp:term":[{"taxonomy":"category","embeddable":true,"href":"https:\/\/linitiative.ca\/International\/wp-json\/wp\/v2\/categories?post=131255"},{"taxonomy":"post_tag","embeddable":true,"href":"https:\/\/linitiative.ca\/International\/wp-json\/wp\/v2\/tags?post=131255"}],"curies":[{"name":"wp","href":"https:\/\/api.w.org\/{rel}","templated":true}]}}