{"id":131257,"date":"2021-10-28T08:11:00","date_gmt":"2021-10-28T12:11:00","guid":{"rendered":"https:\/\/linitiative.ca\/International\/lassociation-hanen-proteger-lallaitement-maternel-une-responsabilite-partagee\/"},"modified":"2021-10-28T08:11:00","modified_gmt":"2021-10-28T12:11:00","slug":"lassociation-hanen-proteger-lallaitement-maternel-une-responsabilite-partagee","status":"publish","type":"post","link":"https:\/\/linitiative.ca\/International\/lassociation-hanen-proteger-lallaitement-maternel-une-responsabilite-partagee\/","title":{"rendered":"L\u2019association HANEN: Prot\u00e9ger l\u2019allaitement maternel, une responsabilit\u00e9 partag\u00e9e"},"content":{"rendered":"<div><img decoding=\"async\" src=\"https:\/\/linitiative.ca\/International\/wp-content\/uploads\/sites\/23\/2021\/10\/1635420070_article.jpg\" alt=\"L\u2019association HANEN: Prot\u00e9ger l\u2019allaitement maternel : une responsabilit\u00e9 partag\u00e9e\" align=\"left\">\u00c0 l\u2019occasion de la Semaine Mondiale de l\u2019Allaitement Maternel, c\u00e9l\u00e9br\u00e9e en Tunisie du 1er au 7 novembre 2021, l\u2019association HANEN pour la promotion de l\u2019allaitement maternel lance une campagne de sensibilisation sous le th\u00e8me \u201c Prot\u00e9ger l\u2019allaitement maternel : une responsabilit\u00e9 partag\u00e9e\u201d afin de contribuer \u00e0 la promotion et \u00e0 la protection de\u00a0 l\u2019allaitement maternel dont la pratique reste\u00a0 tr\u00e8s faible en Tunisie comme le montrent les enqu\u00eates nationales et ce, malgr\u00e9 ses nombreux b\u00e9n\u00e9fices pour la sant\u00e9.<br \/>\nD&rsquo;o\u00f9 l&rsquo;int\u00e9r\u00eat voire l&rsquo;urgence de multiplier les initiatives qui visent \u00e0 renforcer la pratique de l\u2019allaitement par des actions d\u2019information, &#8230;<\/p>\n<\/div>\n<p>Auteur:<br \/>\n<a href=\"https:\/\/www.leaders.com.tn\/article\/32585-l-association-hanen-proteger-l-allaitement-maternel-une-responsabilite-partagee\">Cliquez ici pour lire l&rsquo;article depuis sa source.<\/a><\/p>\n","protected":false},"excerpt":{"rendered":"<p>\u00c0 l\u2019occasion de la Semaine Mondiale de l\u2019Allaitement Maternel, c\u00e9l\u00e9br\u00e9e en Tunisie du 1er au 7 novembre 2021, l\u2019association HANEN pour la promotion de l\u2019allaitement maternel lance une campagne de sensibilisation sous le th\u00e8me \u201c Prot\u00e9ger l\u2019allaitement maternel : une responsabilit\u00e9 partag\u00e9e\u201d afin de contribuer \u00e0 la promotion et \u00e0 la protection de\u00a0 l\u2019allaitement maternel [&hellip;]<\/p>\n","protected":false},"author":1772,"featured_media":0,"comment_status":"closed","ping_status":"closed","sticky":false,"template":"","format":"standard","meta":{"fifu_image_url":"http:\/\/www.leaders.com.tn\/uploads\/content\/thumbnails_small\/1635420070_article.jpg","fifu_image_alt":"L\u2019association HANEN: Prot\u00e9ger l\u2019allaitement maternel, une responsabilit\u00e9 partag\u00e9e","footnotes":""},"categories":[73,55],"tags":[],"class_list":["post-131257","post","type-post","status-publish","format-standard","hentry","category-actualite","category-tunisie"],"_links":{"self":[{"href":"https:\/\/linitiative.ca\/International\/wp-json\/wp\/v2\/posts\/131257","targetHints":{"allow":["GET"]}}],"collection":[{"href":"https:\/\/linitiative.ca\/International\/wp-json\/wp\/v2\/posts"}],"about":[{"href":"https:\/\/linitiative.ca\/International\/wp-json\/wp\/v2\/types\/post"}],"author":[{"embeddable":true,"href":"https:\/\/linitiative.ca\/International\/wp-json\/wp\/v2\/users\/1772"}],"replies":[{"embeddable":true,"href":"https:\/\/linitiative.ca\/International\/wp-json\/wp\/v2\/comments?post=131257"}],"version-history":[{"count":0,"href":"https:\/\/linitiative.ca\/International\/wp-json\/wp\/v2\/posts\/131257\/revisions"}],"wp:attachment":[{"href":"https:\/\/linitiative.ca\/International\/wp-json\/wp\/v2\/media?parent=131257"}],"wp:term":[{"taxonomy":"category","embeddable":true,"href":"https:\/\/linitiative.ca\/International\/wp-json\/wp\/v2\/categories?post=131257"},{"taxonomy":"post_tag","embeddable":true,"href":"https:\/\/linitiative.ca\/International\/wp-json\/wp\/v2\/tags?post=131257"}],"curies":[{"name":"wp","href":"https:\/\/api.w.org\/{rel}","templated":true}]}}