{"id":131262,"date":"2021-10-28T06:00:00","date_gmt":"2021-10-28T10:00:00","guid":{"rendered":"https:\/\/linitiative.ca\/International\/une-opportunite-pour-les-jeunes-realisateurs-algeriens\/"},"modified":"2021-10-28T06:00:00","modified_gmt":"2021-10-28T10:00:00","slug":"une-opportunite-pour-les-jeunes-realisateurs-algeriens","status":"publish","type":"post","link":"https:\/\/linitiative.ca\/International\/une-opportunite-pour-les-jeunes-realisateurs-algeriens\/","title":{"rendered":"Une opportunit\u00e9 pour les jeunes r\u00e9alisateurs alg\u00e9riens"},"content":{"rendered":"<div>Le r\u00e9alisateur alg\u00e9rien Dalil Belkhoudir, fondateur du Festival international du portail num\u00e9rique du court m\u00e9trage, a r\u00e9v\u00e9l\u00e9 qu&rsquo;il \u00aba cr\u00e9\u00e9 une opportunit\u00e9 de pr\u00e9senter le cin\u00e9ma alg\u00e9rien et de promouvoir les r\u00e9alisateurs alg\u00e9riens<\/div>\n<p>Auteur:<br \/>\n<a href=\"https:\/\/www.lesoirdalgerie.com\/culture\/une-opportunite-pour-les-jeunes-realisateurs-algeriens-69632\">Cliquez ici pour lire l&rsquo;article depuis sa source.<\/a><\/p>\n","protected":false},"excerpt":{"rendered":"<p>Le r\u00e9alisateur alg\u00e9rien Dalil Belkhoudir, fondateur du Festival international du portail num\u00e9rique du court m\u00e9trage, a r\u00e9v\u00e9l\u00e9 qu&rsquo;il \u00aba cr\u00e9\u00e9 une opportunit\u00e9 de pr\u00e9senter le cin\u00e9ma alg\u00e9rien et de promouvoir les r\u00e9alisateurs alg\u00e9riens Auteur: Cliquez ici pour lire l&rsquo;article depuis sa source.<\/p>\n","protected":false},"author":1741,"featured_media":0,"comment_status":"closed","ping_status":"closed","sticky":false,"template":"","format":"standard","meta":{"fifu_image_url":"","fifu_image_alt":"","footnotes":""},"categories":[73,53],"tags":[],"class_list":["post-131262","post","type-post","status-publish","format-standard","hentry","category-actualite","category-algerie"],"_links":{"self":[{"href":"https:\/\/linitiative.ca\/International\/wp-json\/wp\/v2\/posts\/131262","targetHints":{"allow":["GET"]}}],"collection":[{"href":"https:\/\/linitiative.ca\/International\/wp-json\/wp\/v2\/posts"}],"about":[{"href":"https:\/\/linitiative.ca\/International\/wp-json\/wp\/v2\/types\/post"}],"author":[{"embeddable":true,"href":"https:\/\/linitiative.ca\/International\/wp-json\/wp\/v2\/users\/1741"}],"replies":[{"embeddable":true,"href":"https:\/\/linitiative.ca\/International\/wp-json\/wp\/v2\/comments?post=131262"}],"version-history":[{"count":0,"href":"https:\/\/linitiative.ca\/International\/wp-json\/wp\/v2\/posts\/131262\/revisions"}],"wp:attachment":[{"href":"https:\/\/linitiative.ca\/International\/wp-json\/wp\/v2\/media?parent=131262"}],"wp:term":[{"taxonomy":"category","embeddable":true,"href":"https:\/\/linitiative.ca\/International\/wp-json\/wp\/v2\/categories?post=131262"},{"taxonomy":"post_tag","embeddable":true,"href":"https:\/\/linitiative.ca\/International\/wp-json\/wp\/v2\/tags?post=131262"}],"curies":[{"name":"wp","href":"https:\/\/api.w.org\/{rel}","templated":true}]}}