{"id":131269,"date":"2021-10-28T14:52:49","date_gmt":"2021-10-28T18:52:49","guid":{"rendered":"https:\/\/linitiative.ca\/International\/dacia-duster-plus-affute-pour-mieux-briller\/"},"modified":"2021-10-28T14:52:49","modified_gmt":"2021-10-28T18:52:49","slug":"dacia-duster-plus-affute-pour-mieux-briller","status":"publish","type":"post","link":"https:\/\/linitiative.ca\/International\/dacia-duster-plus-affute-pour-mieux-briller\/","title":{"rendered":"Dacia Duster. Plus aff\u00fbt\u00e9 pour mieux briller"},"content":{"rendered":"<div><img decoding=\"async\" width=\"548\" height=\"330\" src=\"https:\/\/linitiative.ca\/International\/wp-content\/uploads\/sites\/23\/2021\/10\/14-2021-Nouveau-Dacia-Duster-750-x-500.jpg\" class=\"attachment-post-thumbnail size-post-thumbnail wp-post-image\" alt=\"\" loading=\"lazy\" srcset=\"https:\/\/linitiative.ca\/International\/wp-content\/uploads\/sites\/23\/2021\/10\/14-2021-Nouveau-Dacia-Duster-750-x-500.jpg 548w, https:\/\/www.challenge.ma\/wp-content\/uploads\/2021\/10\/14-2021-Nouveau-Dacia-Duster-750-x-500-300x181.jpg 300w, https:\/\/www.challenge.ma\/wp-content\/uploads\/2021\/10\/14-2021-Nouveau-Dacia-Duster-750-x-500-360x217.jpg 360w\" sizes=\"auto, (max-width: 548px) 100vw, 548px\" itemprop=\"image\">Commercialis\u00e9 depuis 2010 au Maroc, le Dacia Duster a v\u00e9ritablement tir\u00e9 son \u00e9pingle du jeu s\u2019imposant tr\u00e8s rapidement comme le fer de lance des SUV compacts. En atteste son volume de vente qui, depuis son lancement, a atteint la barre des 73 000 exemplaires dans le Royaume. Une v\u00e9ritable saga<\/div>\n<p>Auteur: David J\u00e9r\u00e9mie<br \/>\n<a href=\"https:\/\/www.challenge.ma\/dacia-duster-plus-affute-pour-mieux-briller-224678\/\">Cliquez ici pour lire l&rsquo;article depuis sa source.<\/a><\/p>\n","protected":false},"excerpt":{"rendered":"<p>Commercialis\u00e9 depuis 2010 au Maroc, le Dacia Duster a v\u00e9ritablement tir\u00e9 son \u00e9pingle du jeu s\u2019imposant tr\u00e8s rapidement comme le fer de lance des SUV compacts. En atteste son volume de vente qui, depuis son lancement, a atteint la barre des 73 000 exemplaires dans le Royaume. Une v\u00e9ritable saga Auteur: David J\u00e9r\u00e9mie Cliquez ici [&hellip;]<\/p>\n","protected":false},"author":1787,"featured_media":0,"comment_status":"closed","ping_status":"closed","sticky":false,"template":"","format":"standard","meta":{"fifu_image_url":"https:\/\/www.challenge.ma\/wp-content\/uploads\/2021\/10\/14-2021-Nouveau-Dacia-Duster-750-x-500.jpg","fifu_image_alt":"Dacia Duster. Plus aff\u00fbt\u00e9 pour mieux briller","footnotes":""},"categories":[78,54],"tags":[],"class_list":["post-131269","post","type-post","status-publish","format-standard","hentry","category-economie","category-maroc"],"_links":{"self":[{"href":"https:\/\/linitiative.ca\/International\/wp-json\/wp\/v2\/posts\/131269","targetHints":{"allow":["GET"]}}],"collection":[{"href":"https:\/\/linitiative.ca\/International\/wp-json\/wp\/v2\/posts"}],"about":[{"href":"https:\/\/linitiative.ca\/International\/wp-json\/wp\/v2\/types\/post"}],"author":[{"embeddable":true,"href":"https:\/\/linitiative.ca\/International\/wp-json\/wp\/v2\/users\/1787"}],"replies":[{"embeddable":true,"href":"https:\/\/linitiative.ca\/International\/wp-json\/wp\/v2\/comments?post=131269"}],"version-history":[{"count":0,"href":"https:\/\/linitiative.ca\/International\/wp-json\/wp\/v2\/posts\/131269\/revisions"}],"wp:attachment":[{"href":"https:\/\/linitiative.ca\/International\/wp-json\/wp\/v2\/media?parent=131269"}],"wp:term":[{"taxonomy":"category","embeddable":true,"href":"https:\/\/linitiative.ca\/International\/wp-json\/wp\/v2\/categories?post=131269"},{"taxonomy":"post_tag","embeddable":true,"href":"https:\/\/linitiative.ca\/International\/wp-json\/wp\/v2\/tags?post=131269"}],"curies":[{"name":"wp","href":"https:\/\/api.w.org\/{rel}","templated":true}]}}