{"id":131273,"date":"2021-10-28T16:21:27","date_gmt":"2021-10-28T20:21:27","guid":{"rendered":"https:\/\/linitiative.ca\/International\/kais-saied-appelle-a-un-inventaire-de-la-dette-la-devaluation-du-dinar-par-la-bct-serait-sa-cause-principale\/"},"modified":"2021-10-28T16:21:27","modified_gmt":"2021-10-28T20:21:27","slug":"kais-saied-appelle-a-un-inventaire-de-la-dette-la-devaluation-du-dinar-par-la-bct-serait-sa-cause-principale","status":"publish","type":"post","link":"https:\/\/linitiative.ca\/International\/kais-saied-appelle-a-un-inventaire-de-la-dette-la-devaluation-du-dinar-par-la-bct-serait-sa-cause-principale\/","title":{"rendered":"Ka\u00efs Sa\u00efed appelle \u00e0 un inventaire de la dette : La d\u00e9valuation du dinar par la BCT serait sa cause principale"},"content":{"rendered":"<div>\n<p>Le Pr\u00e9sident de la R\u00e9publique a appel\u00e9 aujourd\u2019hui, jeudi 28 octobre 2021 \u00e0 un inventaire complet et pr\u00e9cis des pr\u00eats et dons que la Tunisie a re\u00e7us, ces derni\u00e8res ann\u00e9es. Il a d\u00e9clar\u00e9 : \u00ab Aujourd\u2019hui, nous sommes dans des conditions financi\u00e8res difficiles, et nous devons conna\u00eetre le sort des pr\u00eats qui sont venus de [\u2026]<\/p>\n<p>L\u2019article <a href=\"https:\/\/www.tunisienumerique.com\/kais-saied-appelle-a-un-inventaire-de-la-dette-la-devaluation-du-dinar-par-la-bct-serait-sa-cause-principale\/\">Ka\u00efs Sa\u00efed appelle \u00e0 un inventaire de la dette : La d\u00e9valuation du dinar par la BCT serait sa cause principale<\/a> est apparu en premier sur <a href=\"https:\/\/www.tunisienumerique.com\/\">Tunisie<\/a>.<\/p>\n<\/div>\n<p>Auteur: Mohamed Ben Abderrazek<br \/>\n<a href=\"https:\/\/www.tunisienumerique.com\/kais-saied-appelle-a-un-inventaire-de-la-dette-la-devaluation-du-dinar-par-la-bct-serait-sa-cause-principale\/\">Cliquez ici pour lire l&rsquo;article depuis sa source.<\/a><\/p>\n","protected":false},"excerpt":{"rendered":"<p>Le Pr\u00e9sident de la R\u00e9publique a appel\u00e9 aujourd\u2019hui, jeudi 28 octobre 2021 \u00e0 un inventaire complet et pr\u00e9cis des pr\u00eats et dons que la Tunisie a re\u00e7us, ces derni\u00e8res ann\u00e9es. Il a d\u00e9clar\u00e9 : \u00ab Aujourd\u2019hui, nous sommes dans des conditions financi\u00e8res difficiles, et nous devons conna\u00eetre le sort des pr\u00eats qui sont venus de [&hellip;]<\/p>\n","protected":false},"author":1789,"featured_media":0,"comment_status":"closed","ping_status":"closed","sticky":false,"template":"","format":"standard","meta":{"fifu_image_url":"","fifu_image_alt":"","footnotes":""},"categories":[73,55],"tags":[],"class_list":["post-131273","post","type-post","status-publish","format-standard","hentry","category-actualite","category-tunisie"],"_links":{"self":[{"href":"https:\/\/linitiative.ca\/International\/wp-json\/wp\/v2\/posts\/131273","targetHints":{"allow":["GET"]}}],"collection":[{"href":"https:\/\/linitiative.ca\/International\/wp-json\/wp\/v2\/posts"}],"about":[{"href":"https:\/\/linitiative.ca\/International\/wp-json\/wp\/v2\/types\/post"}],"author":[{"embeddable":true,"href":"https:\/\/linitiative.ca\/International\/wp-json\/wp\/v2\/users\/1789"}],"replies":[{"embeddable":true,"href":"https:\/\/linitiative.ca\/International\/wp-json\/wp\/v2\/comments?post=131273"}],"version-history":[{"count":0,"href":"https:\/\/linitiative.ca\/International\/wp-json\/wp\/v2\/posts\/131273\/revisions"}],"wp:attachment":[{"href":"https:\/\/linitiative.ca\/International\/wp-json\/wp\/v2\/media?parent=131273"}],"wp:term":[{"taxonomy":"category","embeddable":true,"href":"https:\/\/linitiative.ca\/International\/wp-json\/wp\/v2\/categories?post=131273"},{"taxonomy":"post_tag","embeddable":true,"href":"https:\/\/linitiative.ca\/International\/wp-json\/wp\/v2\/tags?post=131273"}],"curies":[{"name":"wp","href":"https:\/\/api.w.org\/{rel}","templated":true}]}}