{"id":131275,"date":"2021-10-28T16:29:36","date_gmt":"2021-10-28T20:29:36","guid":{"rendered":"https:\/\/linitiative.ca\/International\/tunisie-perquisition-dans-les-locaux-du-gouvernorat-de-kasserine\/"},"modified":"2021-10-28T16:29:36","modified_gmt":"2021-10-28T20:29:36","slug":"tunisie-perquisition-dans-les-locaux-du-gouvernorat-de-kasserine","status":"publish","type":"post","link":"https:\/\/linitiative.ca\/International\/tunisie-perquisition-dans-les-locaux-du-gouvernorat-de-kasserine\/","title":{"rendered":"Tunisie \u2013 Perquisition dans les locaux du gouvernorat de Kasserine"},"content":{"rendered":"<div>\n<p>Des agents de la brigade \u00e9conomique ont investi, ce jeudi, les locaux du gouvernorat de Kasserine, pour y effectuer une perquisition, et pour enqu\u00eater sur des pr\u00e9somptions d\u2019affaires de malversations. Cette affaire a \u00e9t\u00e9 diligent\u00e9e par le parquet de Kasserine, apr\u00e8s la diffusion d\u2019une s\u00e9quence vid\u00e9o, par un citoyen, dans laquelle il discutait avec un [\u2026]<\/p>\n<p>L\u2019article <a href=\"https:\/\/www.tunisienumerique.com\/tunisie-perquisition-dans-les-locaux-du-gouvernorat-de-kasserine\/\">Tunisie \u2013 Perquisition dans les locaux du gouvernorat de Kasserine<\/a> est apparu en premier sur <a href=\"https:\/\/www.tunisienumerique.com\/\">Tunisie<\/a>.<\/p>\n<\/div>\n<p>Auteur: LM<br \/>\n<a href=\"https:\/\/www.tunisienumerique.com\/tunisie-perquisition-dans-les-locaux-du-gouvernorat-de-kasserine\/\">Cliquez ici pour lire l&rsquo;article depuis sa source.<\/a><\/p>\n","protected":false},"excerpt":{"rendered":"<p>Des agents de la brigade \u00e9conomique ont investi, ce jeudi, les locaux du gouvernorat de Kasserine, pour y effectuer une perquisition, et pour enqu\u00eater sur des pr\u00e9somptions d\u2019affaires de malversations. Cette affaire a \u00e9t\u00e9 diligent\u00e9e par le parquet de Kasserine, apr\u00e8s la diffusion d\u2019une s\u00e9quence vid\u00e9o, par un citoyen, dans laquelle il discutait avec un [&hellip;]<\/p>\n","protected":false},"author":1789,"featured_media":0,"comment_status":"closed","ping_status":"closed","sticky":false,"template":"","format":"standard","meta":{"fifu_image_url":"","fifu_image_alt":"","footnotes":""},"categories":[73,55],"tags":[],"class_list":["post-131275","post","type-post","status-publish","format-standard","hentry","category-actualite","category-tunisie"],"_links":{"self":[{"href":"https:\/\/linitiative.ca\/International\/wp-json\/wp\/v2\/posts\/131275","targetHints":{"allow":["GET"]}}],"collection":[{"href":"https:\/\/linitiative.ca\/International\/wp-json\/wp\/v2\/posts"}],"about":[{"href":"https:\/\/linitiative.ca\/International\/wp-json\/wp\/v2\/types\/post"}],"author":[{"embeddable":true,"href":"https:\/\/linitiative.ca\/International\/wp-json\/wp\/v2\/users\/1789"}],"replies":[{"embeddable":true,"href":"https:\/\/linitiative.ca\/International\/wp-json\/wp\/v2\/comments?post=131275"}],"version-history":[{"count":0,"href":"https:\/\/linitiative.ca\/International\/wp-json\/wp\/v2\/posts\/131275\/revisions"}],"wp:attachment":[{"href":"https:\/\/linitiative.ca\/International\/wp-json\/wp\/v2\/media?parent=131275"}],"wp:term":[{"taxonomy":"category","embeddable":true,"href":"https:\/\/linitiative.ca\/International\/wp-json\/wp\/v2\/categories?post=131275"},{"taxonomy":"post_tag","embeddable":true,"href":"https:\/\/linitiative.ca\/International\/wp-json\/wp\/v2\/tags?post=131275"}],"curies":[{"name":"wp","href":"https:\/\/api.w.org\/{rel}","templated":true}]}}