{"id":131278,"date":"2021-10-28T16:29:01","date_gmt":"2021-10-28T20:29:01","guid":{"rendered":"https:\/\/linitiative.ca\/International\/disparition-denfants-a-ouagadougou-vite-une-solution\/"},"modified":"2021-10-28T16:29:01","modified_gmt":"2021-10-28T20:29:01","slug":"disparition-denfants-a-ouagadougou-vite-une-solution","status":"publish","type":"post","link":"https:\/\/linitiative.ca\/International\/disparition-denfants-a-ouagadougou-vite-une-solution\/","title":{"rendered":"DISPARITION D\u2019ENFANTS A OUAGADOUGOU : Vite une solution !"},"content":{"rendered":"<div>\n<p><img decoding=\"async\" width=\"1137\" height=\"636\" src=\"https:\/\/linitiative.ca\/International\/wp-content\/uploads\/sites\/23\/2021\/10\/lepaysresponsive-1.png\" class=\"attachment- default-featured-img\" alt=\"\" loading=\"lazy\" srcset=\"https:\/\/linitiative.ca\/International\/wp-content\/uploads\/sites\/23\/2021\/10\/lepaysresponsive-1.png 1137w, https:\/\/lepays.bf\/wp-content\/uploads\/2017\/07\/lepaysresponsive-300x168.png 300w, https:\/\/lepays.bf\/wp-content\/uploads\/2017\/07\/lepaysresponsive-768x430.png 768w, https:\/\/lepays.bf\/wp-content\/uploads\/2017\/07\/lepaysresponsive-1024x573.png 1024w\" sizes=\"auto, (max-width: 1137px) 100vw, 1137px\">S\u2019il y a un ph\u00e9nom\u00e8ne qui suscite indignation et inqui\u00e9tude ces derni\u00e8res ann\u00e9es, dans la capitale burkinab\u00e8, c\u2019est bien la disparition d\u2019enfants. M\u00eame Fou, je fais le constat qu\u2019il ne se passe pas un seul jour, sans qu\u2019on n\u2019annonce qu\u2019un enfant est port\u00e9 disparu. Et g\u00e9n\u00e9ralement, certains sont, dans le meilleur des cas, retrouv\u00e9s sains \u2026<\/p>\n<p>L\u2019article <a rel=\"nofollow\" href=\"https:\/\/lepays.bf\/disparition-denfants-a-ouagadougou-vite-une-solution\/\">DISPARITION D\u2019ENFANTS A OUAGADOUGOU : Vite une solution !<\/a> est apparu en premier sur <a rel=\"nofollow\" href=\"https:\/\/lepays.bf\/\">Editions Le Pays<\/a>.<\/p>\n<\/div>\n<p>Auteur: Editions LEPAYS<br \/>\n<a href=\"https:\/\/lepays.bf\/disparition-denfants-a-ouagadougou-vite-une-solution\/\">Cliquez ici pour lire l&rsquo;article depuis sa source.<\/a><\/p>\n","protected":false},"excerpt":{"rendered":"<p>S\u2019il y a un ph\u00e9nom\u00e8ne qui suscite indignation et inqui\u00e9tude ces derni\u00e8res ann\u00e9es, dans la capitale burkinab\u00e8, c\u2019est bien la disparition d\u2019enfants. M\u00eame Fou, je fais le constat qu\u2019il ne se passe pas un seul jour, sans qu\u2019on n\u2019annonce qu\u2019un enfant est port\u00e9 disparu. Et g\u00e9n\u00e9ralement, certains sont, dans le meilleur des cas, retrouv\u00e9s sains [&hellip;]<\/p>\n","protected":false},"author":1813,"featured_media":0,"comment_status":"closed","ping_status":"closed","sticky":false,"template":"","format":"standard","meta":{"fifu_image_url":"https:\/\/lepays.bf\/wp-content\/uploads\/2017\/07\/lepaysresponsive.png","fifu_image_alt":"DISPARITION D\u2019ENFANTS A OUAGADOUGOU : Vite une solution !","footnotes":""},"categories":[73,81],"tags":[],"class_list":["post-131278","post","type-post","status-publish","format-standard","hentry","category-actualite","category-burkina-faso"],"_links":{"self":[{"href":"https:\/\/linitiative.ca\/International\/wp-json\/wp\/v2\/posts\/131278","targetHints":{"allow":["GET"]}}],"collection":[{"href":"https:\/\/linitiative.ca\/International\/wp-json\/wp\/v2\/posts"}],"about":[{"href":"https:\/\/linitiative.ca\/International\/wp-json\/wp\/v2\/types\/post"}],"author":[{"embeddable":true,"href":"https:\/\/linitiative.ca\/International\/wp-json\/wp\/v2\/users\/1813"}],"replies":[{"embeddable":true,"href":"https:\/\/linitiative.ca\/International\/wp-json\/wp\/v2\/comments?post=131278"}],"version-history":[{"count":0,"href":"https:\/\/linitiative.ca\/International\/wp-json\/wp\/v2\/posts\/131278\/revisions"}],"wp:attachment":[{"href":"https:\/\/linitiative.ca\/International\/wp-json\/wp\/v2\/media?parent=131278"}],"wp:term":[{"taxonomy":"category","embeddable":true,"href":"https:\/\/linitiative.ca\/International\/wp-json\/wp\/v2\/categories?post=131278"},{"taxonomy":"post_tag","embeddable":true,"href":"https:\/\/linitiative.ca\/International\/wp-json\/wp\/v2\/tags?post=131278"}],"curies":[{"name":"wp","href":"https:\/\/api.w.org\/{rel}","templated":true}]}}