{"id":131280,"date":"2021-10-28T16:33:55","date_gmt":"2021-10-28T20:33:55","guid":{"rendered":"https:\/\/linitiative.ca\/International\/audition-des-accuses-dans-le-proces-thomas-sankara-des-faisceaux-de-lumiere-qui-neclairent-toujours-pas-les-zones-dombre\/"},"modified":"2021-10-28T16:33:55","modified_gmt":"2021-10-28T20:33:55","slug":"audition-des-accuses-dans-le-proces-thomas-sankara-des-faisceaux-de-lumiere-qui-neclairent-toujours-pas-les-zones-dombre","status":"publish","type":"post","link":"https:\/\/linitiative.ca\/International\/audition-des-accuses-dans-le-proces-thomas-sankara-des-faisceaux-de-lumiere-qui-neclairent-toujours-pas-les-zones-dombre\/","title":{"rendered":"AUDITION DES ACCUSES DANS LE PROCES THOMAS SANKARA : Des faisceaux de lumi\u00e8re qui n\u2019\u00e9clairent toujours pas les zones d\u2019ombre"},"content":{"rendered":"<div>\n<p><img decoding=\"async\" width=\"1280\" height=\"960\" src=\"https:\/\/linitiative.ca\/International\/wp-content\/uploads\/sites\/23\/2021\/10\/IMG-20211026-WA0011.jpg\" class=\"attachment- size- wp-post-image\" alt=\"\" loading=\"lazy\" style=\"float:left; margin:0 15px 15px 0;\" srcset=\"https:\/\/linitiative.ca\/International\/wp-content\/uploads\/sites\/23\/2021\/10\/IMG-20211026-WA0011.jpg 1280w, https:\/\/lepays.bf\/wp-content\/uploads\/2021\/10\/IMG-20211026-WA0011-300x225.jpg 300w, https:\/\/lepays.bf\/wp-content\/uploads\/2021\/10\/IMG-20211026-WA0011-1024x768.jpg 1024w, https:\/\/lepays.bf\/wp-content\/uploads\/2021\/10\/IMG-20211026-WA0011-768x576.jpg 768w\" sizes=\"auto, (max-width: 1280px) 100vw, 1280px\">Les auditions des accus\u00e9s se poursuivent mais en d\u00e9pit des faisceaux de lumi\u00e8re, des zones d\u2019ombre demeurent toujours autour de l\u2019assassinat du pr\u00e9sident Thomas Sankara et de ses 12 compagnons. Tout laisse croire que la v\u00e9rit\u00e9 ne jaillira pas de sit\u00f4t car les deux accus\u00e9s qui ont \u00e9t\u00e9 auditionn\u00e9s le 28 octobre dernier, \u00e0 savoir \u2026<\/p>\n<p>L\u2019article <a rel=\"nofollow\" href=\"https:\/\/lepays.bf\/audition-des-accuses-dans-le-proces-thomas-sankara-des-faisceaux-de-lumiere-qui-neclairent-toujours-pas-les-zones-dombre\/\">AUDITION DES ACCUSES DANS LE PROCES THOMAS SANKARA : Des faisceaux de lumi\u00e8re qui n\u2019\u00e9clairent toujours pas les zones d\u2019ombre<\/a> est apparu en premier sur <a rel=\"nofollow\" href=\"https:\/\/lepays.bf\/\">Editions Le Pays<\/a>.<\/p>\n<\/div>\n<p>Auteur: Editions LEPAYS<br \/>\n<a href=\"https:\/\/lepays.bf\/audition-des-accuses-dans-le-proces-thomas-sankara-des-faisceaux-de-lumiere-qui-neclairent-toujours-pas-les-zones-dombre\/\">Cliquez ici pour lire l&rsquo;article depuis sa source.<\/a><\/p>\n","protected":false},"excerpt":{"rendered":"<p>Les auditions des accus\u00e9s se poursuivent mais en d\u00e9pit des faisceaux de lumi\u00e8re, des zones d\u2019ombre demeurent toujours autour de l\u2019assassinat du pr\u00e9sident Thomas Sankara et de ses 12 compagnons. Tout laisse croire que la v\u00e9rit\u00e9 ne jaillira pas de sit\u00f4t car les deux accus\u00e9s qui ont \u00e9t\u00e9 auditionn\u00e9s le 28 octobre dernier, \u00e0 savoir [&hellip;]<\/p>\n","protected":false},"author":1813,"featured_media":0,"comment_status":"closed","ping_status":"closed","sticky":false,"template":"","format":"standard","meta":{"fifu_image_url":"https:\/\/lepays.bf\/wp-content\/uploads\/2021\/10\/IMG-20211026-WA0011.jpg","fifu_image_alt":"AUDITION DES ACCUSES DANS LE PROCES THOMAS SANKARA : Des faisceaux de lumi\u00e8re qui n\u2019\u00e9clairent toujours pas les zones d\u2019ombre","footnotes":""},"categories":[73,81],"tags":[],"class_list":["post-131280","post","type-post","status-publish","format-standard","hentry","category-actualite","category-burkina-faso"],"_links":{"self":[{"href":"https:\/\/linitiative.ca\/International\/wp-json\/wp\/v2\/posts\/131280","targetHints":{"allow":["GET"]}}],"collection":[{"href":"https:\/\/linitiative.ca\/International\/wp-json\/wp\/v2\/posts"}],"about":[{"href":"https:\/\/linitiative.ca\/International\/wp-json\/wp\/v2\/types\/post"}],"author":[{"embeddable":true,"href":"https:\/\/linitiative.ca\/International\/wp-json\/wp\/v2\/users\/1813"}],"replies":[{"embeddable":true,"href":"https:\/\/linitiative.ca\/International\/wp-json\/wp\/v2\/comments?post=131280"}],"version-history":[{"count":0,"href":"https:\/\/linitiative.ca\/International\/wp-json\/wp\/v2\/posts\/131280\/revisions"}],"wp:attachment":[{"href":"https:\/\/linitiative.ca\/International\/wp-json\/wp\/v2\/media?parent=131280"}],"wp:term":[{"taxonomy":"category","embeddable":true,"href":"https:\/\/linitiative.ca\/International\/wp-json\/wp\/v2\/categories?post=131280"},{"taxonomy":"post_tag","embeddable":true,"href":"https:\/\/linitiative.ca\/International\/wp-json\/wp\/v2\/tags?post=131280"}],"curies":[{"name":"wp","href":"https:\/\/api.w.org\/{rel}","templated":true}]}}