{"id":131282,"date":"2021-10-28T16:40:00","date_gmt":"2021-10-28T20:40:00","guid":{"rendered":"https:\/\/linitiative.ca\/International\/contrat-de-desendettement-entre-la-france-et-la-cote-divoire-un-cadeau-qui-interroge\/"},"modified":"2021-10-28T16:40:00","modified_gmt":"2021-10-28T20:40:00","slug":"contrat-de-desendettement-entre-la-france-et-la-cote-divoire-un-cadeau-qui-interroge","status":"publish","type":"post","link":"https:\/\/linitiative.ca\/International\/contrat-de-desendettement-entre-la-france-et-la-cote-divoire-un-cadeau-qui-interroge\/","title":{"rendered":"CONTRAT DE DESENDETTEMENT ENTRE LA FRANCE ET LA COTE D\u2019IVOIRE : Un cadeau qui interroge !"},"content":{"rendered":"<div>\n<p><img decoding=\"async\" width=\"750\" height=\"536\" src=\"https:\/\/linitiative.ca\/International\/wp-content\/uploads\/sites\/23\/2021\/10\/contrat-Cote-dIvoire1-750x536-1.jpg\" class=\"attachment- size- wp-post-image\" alt=\"\" loading=\"lazy\" style=\"float:left; margin:0 15px 15px 0;\" srcset=\"https:\/\/linitiative.ca\/International\/wp-content\/uploads\/sites\/23\/2021\/10\/contrat-Cote-dIvoire1-750x536-1.jpg 750w, https:\/\/lepays.bf\/wp-content\/uploads\/2021\/10\/contrat-Cote-dIvoire1-750x536-1-300x214.jpg 300w\" sizes=\"auto, (max-width: 750px) 100vw, 750px\">Bien des pays africains ploient aujourd\u2019hui sous le poids de la dette ext\u00e9rieure. C\u2019est le cas de la C\u00f4te d\u2019Ivoire. En effet, selon les chiffres de la Banque mondiale, la dette ext\u00e9rieure totale \u00e0 long terme de ce pays, s\u2019\u00e9levait fin 2020 \u00e0 21 milliards de dollars dont 4 milliards aupr\u00e8s des cr\u00e9anciers publics bilat\u00e9raux. \u2026<\/p>\n<p>L\u2019article <a rel=\"nofollow\" href=\"https:\/\/lepays.bf\/contrat-de-desendettement-entre-la-france-et-la-cote-divoire-un-cadeau-qui-interroge\/\">CONTRAT DE DESENDETTEMENT ENTRE LA FRANCE ET LA COTE D\u2019IVOIRE : Un cadeau qui interroge !<\/a> est apparu en premier sur <a rel=\"nofollow\" href=\"https:\/\/lepays.bf\/\">Editions Le Pays<\/a>.<\/p>\n<\/div>\n<p>Auteur: Editions LEPAYS<br \/>\n<a href=\"https:\/\/lepays.bf\/contrat-de-desendettement-entre-la-france-et-la-cote-divoire-un-cadeau-qui-interroge\/\">Cliquez ici pour lire l&rsquo;article depuis sa source.<\/a><\/p>\n","protected":false},"excerpt":{"rendered":"<p>Bien des pays africains ploient aujourd\u2019hui sous le poids de la dette ext\u00e9rieure. C\u2019est le cas de la C\u00f4te d\u2019Ivoire. En effet, selon les chiffres de la Banque mondiale, la dette ext\u00e9rieure totale \u00e0 long terme de ce pays, s\u2019\u00e9levait fin 2020 \u00e0 21 milliards de dollars dont 4 milliards aupr\u00e8s des cr\u00e9anciers publics bilat\u00e9raux. [&hellip;]<\/p>\n","protected":false},"author":1813,"featured_media":0,"comment_status":"closed","ping_status":"closed","sticky":false,"template":"","format":"standard","meta":{"fifu_image_url":"https:\/\/lepays.bf\/wp-content\/uploads\/2021\/10\/contrat-Cote-dIvoire1-750x536-1.jpg","fifu_image_alt":"CONTRAT DE DESENDETTEMENT ENTRE LA FRANCE ET LA COTE D\u2019IVOIRE : Un cadeau qui interroge !","footnotes":""},"categories":[73,81],"tags":[],"class_list":["post-131282","post","type-post","status-publish","format-standard","hentry","category-actualite","category-burkina-faso"],"_links":{"self":[{"href":"https:\/\/linitiative.ca\/International\/wp-json\/wp\/v2\/posts\/131282","targetHints":{"allow":["GET"]}}],"collection":[{"href":"https:\/\/linitiative.ca\/International\/wp-json\/wp\/v2\/posts"}],"about":[{"href":"https:\/\/linitiative.ca\/International\/wp-json\/wp\/v2\/types\/post"}],"author":[{"embeddable":true,"href":"https:\/\/linitiative.ca\/International\/wp-json\/wp\/v2\/users\/1813"}],"replies":[{"embeddable":true,"href":"https:\/\/linitiative.ca\/International\/wp-json\/wp\/v2\/comments?post=131282"}],"version-history":[{"count":0,"href":"https:\/\/linitiative.ca\/International\/wp-json\/wp\/v2\/posts\/131282\/revisions"}],"wp:attachment":[{"href":"https:\/\/linitiative.ca\/International\/wp-json\/wp\/v2\/media?parent=131282"}],"wp:term":[{"taxonomy":"category","embeddable":true,"href":"https:\/\/linitiative.ca\/International\/wp-json\/wp\/v2\/categories?post=131282"},{"taxonomy":"post_tag","embeddable":true,"href":"https:\/\/linitiative.ca\/International\/wp-json\/wp\/v2\/tags?post=131282"}],"curies":[{"name":"wp","href":"https:\/\/api.w.org\/{rel}","templated":true}]}}