{"id":131284,"date":"2021-10-28T16:45:15","date_gmt":"2021-10-28T20:45:15","guid":{"rendered":"https:\/\/linitiative.ca\/International\/retablissement-dun-gouvernement-civil-au-soudan-exige-par-lonu-le-general-al-burhan-entendra-t-il-raison\/"},"modified":"2021-10-28T16:45:15","modified_gmt":"2021-10-28T20:45:15","slug":"retablissement-dun-gouvernement-civil-au-soudan-exige-par-lonu-le-general-al-burhan-entendra-t-il-raison","status":"publish","type":"post","link":"https:\/\/linitiative.ca\/International\/retablissement-dun-gouvernement-civil-au-soudan-exige-par-lonu-le-general-al-burhan-entendra-t-il-raison\/","title":{"rendered":"RETABLISSEMENT D\u2019UN GOUVERNEMENT CIVIL AU SOUDAN EXIGE PAR L\u2019ONU : Le G\u00e9n\u00e9ral Al-Burhan entendra-t-il raison?"},"content":{"rendered":"<div>\n<p><img decoding=\"async\" width=\"512\" height=\"344\" src=\"https:\/\/linitiative.ca\/International\/wp-content\/uploads\/sites\/23\/2021\/10\/unnamed.jpg\" class=\"attachment- size- wp-post-image\" alt=\"\" loading=\"lazy\" style=\"float:left; margin:0 15px 15px 0;\" srcset=\"https:\/\/linitiative.ca\/International\/wp-content\/uploads\/sites\/23\/2021\/10\/unnamed.jpg 512w, https:\/\/lepays.bf\/wp-content\/uploads\/2021\/10\/unnamed-300x202.jpg 300w\" sizes=\"auto, (max-width: 512px) 100vw, 512px\">Apr\u00e8s plusieurs jours de tractations, le Conseil de s\u00e9curit\u00e9 de l\u2019ONU est parvenu \u00e0 une d\u00e9claration unanime. L\u2019instance onusienne r\u00e9clame \u00e0 la junte militaire le r\u00e9tablissement d\u2019un gouvernement dirig\u00e9 par des civils. L\u2019ONU sera-t-elle entendue? Le g\u00e9n\u00e9ral Al Burhan entendra-t-il raison? Rien n\u2019est moins s\u00fbr. C\u2019est vrai que l\u2019ONU demande \u00e9galement la reprise du dialogue \u2026<\/p>\n<p>L\u2019article <a rel=\"nofollow\" href=\"https:\/\/lepays.bf\/retablissement-dun-gouvernement-civil-au-soudan-exige-par-lonu-le-general-al-burhan-entendra-t-il-raison\/\">RETABLISSEMENT D\u2019UN GOUVERNEMENT CIVIL AU SOUDAN EXIGE PAR L\u2019ONU : Le G\u00e9n\u00e9ral Al-Burhan entendra-t-il raison?<\/a> est apparu en premier sur <a rel=\"nofollow\" href=\"https:\/\/lepays.bf\/\">Editions Le Pays<\/a>.<\/p>\n<\/div>\n<p>Auteur: Editions LEPAYS<br \/>\n<a href=\"https:\/\/lepays.bf\/retablissement-dun-gouvernement-civil-au-soudan-exige-par-lonu-le-general-al-burhan-entendra-t-il-raison\/\">Cliquez ici pour lire l&rsquo;article depuis sa source.<\/a><\/p>\n","protected":false},"excerpt":{"rendered":"<p>Apr\u00e8s plusieurs jours de tractations, le Conseil de s\u00e9curit\u00e9 de l\u2019ONU est parvenu \u00e0 une d\u00e9claration unanime. L\u2019instance onusienne r\u00e9clame \u00e0 la junte militaire le r\u00e9tablissement d\u2019un gouvernement dirig\u00e9 par des civils. L\u2019ONU sera-t-elle entendue? Le g\u00e9n\u00e9ral Al Burhan entendra-t-il raison? Rien n\u2019est moins s\u00fbr. C\u2019est vrai que l\u2019ONU demande \u00e9galement la reprise du dialogue [&hellip;]<\/p>\n","protected":false},"author":1813,"featured_media":0,"comment_status":"closed","ping_status":"closed","sticky":false,"template":"","format":"standard","meta":{"fifu_image_url":"https:\/\/lepays.bf\/wp-content\/uploads\/2021\/10\/unnamed.jpg","fifu_image_alt":"RETABLISSEMENT D\u2019UN GOUVERNEMENT CIVIL AU SOUDAN EXIGE PAR L\u2019ONU : Le G\u00e9n\u00e9ral Al-Burhan entendra-t-il raison?","footnotes":""},"categories":[73,81],"tags":[],"class_list":["post-131284","post","type-post","status-publish","format-standard","hentry","category-actualite","category-burkina-faso"],"_links":{"self":[{"href":"https:\/\/linitiative.ca\/International\/wp-json\/wp\/v2\/posts\/131284","targetHints":{"allow":["GET"]}}],"collection":[{"href":"https:\/\/linitiative.ca\/International\/wp-json\/wp\/v2\/posts"}],"about":[{"href":"https:\/\/linitiative.ca\/International\/wp-json\/wp\/v2\/types\/post"}],"author":[{"embeddable":true,"href":"https:\/\/linitiative.ca\/International\/wp-json\/wp\/v2\/users\/1813"}],"replies":[{"embeddable":true,"href":"https:\/\/linitiative.ca\/International\/wp-json\/wp\/v2\/comments?post=131284"}],"version-history":[{"count":0,"href":"https:\/\/linitiative.ca\/International\/wp-json\/wp\/v2\/posts\/131284\/revisions"}],"wp:attachment":[{"href":"https:\/\/linitiative.ca\/International\/wp-json\/wp\/v2\/media?parent=131284"}],"wp:term":[{"taxonomy":"category","embeddable":true,"href":"https:\/\/linitiative.ca\/International\/wp-json\/wp\/v2\/categories?post=131284"},{"taxonomy":"post_tag","embeddable":true,"href":"https:\/\/linitiative.ca\/International\/wp-json\/wp\/v2\/tags?post=131284"}],"curies":[{"name":"wp","href":"https:\/\/api.w.org\/{rel}","templated":true}]}}