{"id":131288,"date":"2021-10-28T17:07:42","date_gmt":"2021-10-28T21:07:42","guid":{"rendered":"https:\/\/linitiative.ca\/International\/pr-dieudonne-joseph-bathiebo-le-physicien-dynamique-honore-par-ses-pairs\/"},"modified":"2021-10-28T17:07:42","modified_gmt":"2021-10-28T21:07:42","slug":"pr-dieudonne-joseph-bathiebo-le-physicien-dynamique-honore-par-ses-pairs","status":"publish","type":"post","link":"https:\/\/linitiative.ca\/International\/pr-dieudonne-joseph-bathiebo-le-physicien-dynamique-honore-par-ses-pairs\/","title":{"rendered":"Pr Dieudonn\u00e9 Joseph Bathiebo : Le physicien \u00ab dynamique \u00bb honor\u00e9  par ses pairs"},"content":{"rendered":"<div>\n<p><strong>L\u2019Universit\u00e9 Joseph- Ki- Zerbo a organis\u00e9, le jeudi 28 octobre 2021 \u00e0 Ouagadougou, un colloque international en l\u2019honneur du professeur Dieudonn\u00e9 Bathiebo.<\/strong><\/p>\n<p>Apr\u00e8s 38 ans de service rendu \u00e0 la nation, particuli\u00e8rement dans le monde universitaire, le Pr Dieudonn\u00e9 Joseph Bathiebo est d\u00e9sormais admis \u00e0 la retraite. N\u00e9 le 7 mars 1956 \u00e0 Ouagadougou, le \u00ab renomm\u00e9 \u00bb physicien, mari\u00e9 et p\u00e8re de deux enfants, auteur d\u2019une centaine d\u2019articles scientifi-ques a dit avoir apporter sa contribution \u00e0 la formation et \u00e0 l\u2019am\u00e9lioration des conditions d\u2019\u00e9tudes des \u00e9tudiants. Pour lui t\u00e9moigner leur reconnaissance, des anciens \u00e9tudiants en collaboration avec les responsables de l\u2019universit\u00e9 Joseph-Ki-Zerbo ont organis\u00e9 un colloque international en son honneur, le jeudi 28 octobre 2021 \u00e0 Ouaga-dougou.<\/p>\n<figure id=\"attachment_41457\" aria-describedby=\"caption-attachment-41457\" style=\"width: 300px\" class=\"wp-caption alignleft\"><img decoding=\"async\" loading=\"lazy\" class=\"size-medium wp-image-41457\" src=\"https:\/\/linitiative.ca\/International\/wp-content\/uploads\/sites\/23\/2021\/10\/kam-zach-300x268-1.gif\" alt=\"\" width=\"300\" height=\"268\" srcset=\"https:\/\/linitiative.ca\/International\/wp-content\/uploads\/sites\/23\/2021\/10\/kam-zach-300x268-1.gif 300w, https:\/\/www.sidwaya.info\/wp-content\/uploads\/2021\/10\/kam-zach-150x134.gif 150w\" sizes=\"auto, (max-width: 300px) 100vw, 300px\"><figcaption id=\"caption-attachment-41457\" class=\"wp-caption-text\">L\u2019ancien \u00e9tudiant du retrait\u00e9, Si\u00e9 Kam a remerci\u00e9 son encadreur, au nom de ses coll\u00e8gues, pour tous ses bienfaits.<\/figcaption><\/figure>\n<p>A l\u2019entame de la c\u00e9r\u00e9monie, les invit\u00e9s, compos\u00e9s des autorit\u00e9s administratives, des respon-sables des associations de physique venus du Niger, du S\u00e9n\u00e9gal, du Togo\u2026, des \u00e9tudiants et les parents du retrait\u00e9 ont suivi gr\u00e2ce \u00e0 une projection de film, des t\u00e9moignages et le parcours du Pr Bathiebo. Assistant de recherche en physique \u00e0 l\u2019Universit\u00e9 de Ouaga-dougou de 1983 \u00e0 1991, il est, par la suite, charg\u00e9 du cours de transferts thermi-ques aux \u00e9tudiants inscrits pour le Dipl\u00f4me d\u2019\u00e9tudes sup\u00e9rieures sp\u00e9cialis\u00e9es (DESS), du g\u00e9nie \u00e9nerg\u00e9tique \u00e0 l\u2019Ecole des ing\u00e9nieurs de l\u2019\u00e9quipement rural.<\/p>\n<p>De 1991 \u00e0 1995, il est d\u00e9tach\u00e9 aupr\u00e8s de Centre r\u00e9gional d\u2019\u00e9nergie solaire de Bamako comme charg\u00e9 de cours, de l\u2019\u00e9laboration des program-mes de formation pour les s\u00e9minaires et ateliers. De retour au bercail, il est charg\u00e9 de dispenser des cours \u00e0 l\u2019Unit\u00e9 de formation et de recherche en Sciences exactes appliqu\u00e9es (UFR\/SEA), \u00e0 l\u2019Universit\u00e9 de Ouagadougou comme Ma\u00eetre-assistant puis Ma\u00eetre de conf\u00e9rence de physique. A partir de 2006, Pr Bathiebo cr\u00e9e le Laboratoire d\u2019\u00e9nergie thermique renouvelable (LETRE). Dans ce cadre de recherche, plusieurs \u00e9quipes, telles que les Transferts Thermiques dans les syst\u00e8-mes \u00e9nerg\u00e9tiques (TTSE), les Sciences nucl\u00e9aires appliqu\u00e9es (SNA), la Physique de l\u2019atmosph\u00e8re-Rayonnement-Climat (PARC)\u2026 avec des th\u00e9matiques, entre autres, le s\u00e9chage solaire, la valorisa-tion des mat\u00e9riaux locaux, l\u2019efficacit\u00e9 thermique des d\u00e9chets\u2026 sont d\u00e9velopp\u00e9s.<\/p>\n<p>Elu membre de l\u2019acad\u00e9mie national, ce professeur titu-laire de physique a encadr\u00e9 ou co-encadr\u00e9 une dizaine de th\u00e8ses de doctorat. Parmi lesquelles, celle du directeur g\u00e9n\u00e9ral de la Soci\u00e9t\u00e9 nationale burkinab\u00e8 d\u2019hydrocarbures (SONABHY), Alpha Omar Dissa (2007), du pr\u00e9sident du comit\u00e9 d\u2019organisation du pr\u00e9sent colloque, Pr Si\u00e9 Kam (2009), ou de la nig\u00e9rienne, Amadou Oumarou Fati (2021) Rendre hommage vivant Au regard de ce dynamisme qui force l\u2019admiration, ses anciens \u00e9tudiants lui ont t\u00e9moign\u00e9 leur recon-naissance \u00e0 travers un po\u00e8me exaltant l\u2019amour et le partage d\u2019exp\u00e9riences.<\/p>\n<figure id=\"attachment_41456\" aria-describedby=\"caption-attachment-41456\" style=\"width: 300px\" class=\"wp-caption alignright\"><img decoding=\"async\" loading=\"lazy\" class=\"size-medium wp-image-41456\" src=\"https:\/\/linitiative.ca\/International\/wp-content\/uploads\/sites\/23\/2021\/10\/batiebo3-300x210-1.gif\" alt=\"\" width=\"300\" height=\"210\" srcset=\"https:\/\/linitiative.ca\/International\/wp-content\/uploads\/sites\/23\/2021\/10\/batiebo3-300x210-1.gif 300w, https:\/\/www.sidwaya.info\/wp-content\/uploads\/2021\/10\/batiebo3-150x105.gif 150w, https:\/\/www.sidwaya.info\/wp-content\/uploads\/2021\/10\/batiebo3-100x70.gif 100w\" sizes=\"auto, (max-width: 300px) 100vw, 300px\"><figcaption id=\"caption-attachment-41456\" class=\"wp-caption-text\">Le ministre de l\u2019Enseignement sup\u00e9rieur, de la Recherche scientifique et de l\u2019Innovation, Pr Alkassoum Ma\u00efga :<br \/>\u00ab C\u2019est important de savoir que les humains ont un minimum de reconnaissance \u00bb.<\/figcaption><\/figure>\n<p>Selon le ministre de l\u2019Enseignement sup\u00e9rieur, de la Recherche scientifique et de l\u2019In-novation, Pr Alkassoum Ma\u00efga, les responsables de l\u2019universit\u00e9 doivent s\u2019organi-ser pour rendre hommage aux professeurs d\u2019une telle trempe, qui partent \u00e0 la retraite. \u00ab Pour le cas de ce professeur, il a consacr\u00e9 38 ans de sa vie \u00e0 former des cadres \u00e0 l\u2019universit\u00e9. Pour un homme, c\u2019est important de savoir que les humains ont un minimum de reconnaissance par rapport \u00e0 ce qu\u2019il a fait \u00bb, a-t-il soulign\u00e9. De ses dires, il est essentiel de rendre hommage aux personnes pendant qu\u2019elles sont toujours en vie.<\/p>\n<p>Les th\u00e9matiques sur lesquels le Pr Bathiebo a travaill\u00e9 servent le Burkina Faso et au-del\u00e0 des fronti\u00e8res, a-t-il fait savoir. Il a, en effet, souhait\u00e9 au physicien de continuer \u00e0 soutenir les jeunes enseignants en ann\u00e9e de th\u00e8se et de Master. Dans ce sens, le pr\u00e9sident du comit\u00e9 d\u2019organisation, Pr Si\u00e9 Kam a indiqu\u00e9 que son professeur est un homme \u00ab total \u00bb sur les plans acad\u00e9mique et social. C\u2019est pourquoi, toutes les \u00e9quipes de son laboratoire, se sont r\u00e9unies pour lui rendre hommage. Tout en se r\u00e9jouissant de cette reconnaissance, le Pr Bathiebo s\u2019est dit satisfait de former des docteurs qui vont prendre la rel\u00e8ve.<\/p>\n<p style=\"text-align: right\"><strong>Oumarou RABO <\/strong><\/p>\n<p>L\u2019article <a rel=\"nofollow\" href=\"https:\/\/www.sidwaya.info\/blog\/2021\/10\/28\/pr-dieudonne-joseph-bathiebo-le-physicien-dynamique-honore-par-ses-pairs\/\">Pr Dieudonn\u00e9 Joseph Bathiebo : Le physicien \u00ab dynamique \u00bb honor\u00e9  par ses pairs<\/a> est apparu en premier sur <a rel=\"nofollow\" href=\"https:\/\/www.sidwaya.info\/\">Quotidien Sidwaya<\/a>.<\/p>\n<\/div>\n<p>Auteur: JK. Sidwaya<br \/>\n<a href=\"https:\/\/www.sidwaya.info\/blog\/2021\/10\/28\/pr-dieudonne-joseph-bathiebo-le-physicien-dynamique-honore-par-ses-pairs\/\">Cliquez ici pour lire l&rsquo;article depuis sa source.<\/a><\/p>\n","protected":false},"excerpt":{"rendered":"<p>L\u2019Universit\u00e9 Joseph- Ki- Zerbo a organis\u00e9, le jeudi 28 octobre 2021 \u00e0 Ouagadougou, un colloque international en l\u2019honneur du professeur Dieudonn\u00e9 Bathiebo. Apr\u00e8s 38 ans de service rendu \u00e0 la nation, particuli\u00e8rement dans le monde universitaire, le Pr Dieudonn\u00e9 Joseph Bathiebo est d\u00e9sormais admis \u00e0 la retraite. N\u00e9 le 7 mars 1956 \u00e0 Ouagadougou, le [&hellip;]<\/p>\n","protected":false},"author":1816,"featured_media":0,"comment_status":"closed","ping_status":"closed","sticky":false,"template":"","format":"standard","meta":{"fifu_image_url":"https:\/\/www.sidwaya.info\/wp-content\/uploads\/2021\/10\/kam-zach-300x268.gif","fifu_image_alt":"Pr Dieudonn\u00e9 Joseph Bathiebo : Le physicien \u00ab dynamique \u00bb honor\u00e9  par ses pairs","footnotes":""},"categories":[73,81],"tags":[],"class_list":["post-131288","post","type-post","status-publish","format-standard","hentry","category-actualite","category-burkina-faso"],"_links":{"self":[{"href":"https:\/\/linitiative.ca\/International\/wp-json\/wp\/v2\/posts\/131288","targetHints":{"allow":["GET"]}}],"collection":[{"href":"https:\/\/linitiative.ca\/International\/wp-json\/wp\/v2\/posts"}],"about":[{"href":"https:\/\/linitiative.ca\/International\/wp-json\/wp\/v2\/types\/post"}],"author":[{"embeddable":true,"href":"https:\/\/linitiative.ca\/International\/wp-json\/wp\/v2\/users\/1816"}],"replies":[{"embeddable":true,"href":"https:\/\/linitiative.ca\/International\/wp-json\/wp\/v2\/comments?post=131288"}],"version-history":[{"count":0,"href":"https:\/\/linitiative.ca\/International\/wp-json\/wp\/v2\/posts\/131288\/revisions"}],"wp:attachment":[{"href":"https:\/\/linitiative.ca\/International\/wp-json\/wp\/v2\/media?parent=131288"}],"wp:term":[{"taxonomy":"category","embeddable":true,"href":"https:\/\/linitiative.ca\/International\/wp-json\/wp\/v2\/categories?post=131288"},{"taxonomy":"post_tag","embeddable":true,"href":"https:\/\/linitiative.ca\/International\/wp-json\/wp\/v2\/tags?post=131288"}],"curies":[{"name":"wp","href":"https:\/\/api.w.org\/{rel}","templated":true}]}}