{"id":131296,"date":"2021-10-28T17:31:13","date_gmt":"2021-10-28T21:31:13","guid":{"rendered":"https:\/\/linitiative.ca\/International\/proces-thomas-sankara-une-avancee-dans-le-dossier-selon-me-jean-patrice-yameogo\/"},"modified":"2021-10-28T17:31:13","modified_gmt":"2021-10-28T21:31:13","slug":"proces-thomas-sankara-une-avancee-dans-le-dossier-selon-me-jean-patrice-yameogo","status":"publish","type":"post","link":"https:\/\/linitiative.ca\/International\/proces-thomas-sankara-une-avancee-dans-le-dossier-selon-me-jean-patrice-yameogo\/","title":{"rendered":"Proc\u00e8s Thomas Sankara : Une avanc\u00e9e dans le dossier,  selon Me Jean Patrice Yam\u00e9ogo"},"content":{"rendered":"<div>\n<p><strong>Le proc\u00e8s du dossier Thomas Sankara et 12 autres victimes s\u2019est poursuivi, le jeudi 28 octobre 2021, au tribunal militaire d\u00e9localis\u00e9 \u00e0 Ouaga 2000. Deux accus\u00e9s Sawadogo Idrissa et Ou\u00e9draogo Nabonsseouind\u00e9 \u00e9taient respectivement \u00e0 la barre pour r\u00e9pondre des charges qui p\u00e8sent contre eux.<\/strong><\/p>\n<p>L\u2019audience du jeudi 28 octobre 2021 du proc\u00e8s du dossier Thomas Sankara et 12 autres victimes a d\u00e9but\u00e9 \u00e0 9 heures 5 minutes avec le deuxi\u00e8me accus\u00e9, Sawadogo Idrissa appel\u00e9 \u00e0 la barre du tribunal militaire. M. Sawadogo, n\u00e9 en 1962, caporal au moment des faits, est accus\u00e9 d\u2019avoir de concert avec Kafando Hyacinthe et Ilboudo Yamba \u00c9lys\u00e9e, volontairement donn\u00e9 la mort \u00e0 Thomas Sankara et 12 de ses compagnons le 15 octobre 1987.<\/p>\n<p>Il est aussi reproch\u00e9 \u00e0 M. Sawadogo les faits de complicit\u00e9 d\u2019attentat \u00e0 la s\u00fbret\u00e9 de l\u2019Etat. Le commando parachutiste form\u00e9 \u00e0 P\u00f4 en service au Conseil de l\u2019Entente depuis 1983 a ni\u00e9 les faits qui lui ont \u00e9t\u00e9 reproch\u00e9s. Au cours de son interrogatoire, le caporal Sawadogo a expliqu\u00e9 qu\u2019il \u00e9tait au poste 520 charg\u00e9 d\u2019assurer la garde avec d\u2019autres \u00e9l\u00e9ments du pied \u2013\u00e0- terre du ministre de la Justice de l\u2019\u00e9poque, Blaise Compaor\u00e9 au Conseil de l\u2019Entente.<\/p>\n<p>\u00ab C\u2019est aux environs de 15 heures 30 mn que mon chef, Hyacinthe Kafando m\u2019a ordonn\u00e9 d\u2019aller appuyer l\u2019\u00e9quipe charg\u00e9e de surveiller le domicile de Blaise Compaor\u00e9 \u00e0 Koulouba \u00bb, a-t-il expliqu\u00e9. Je suis all\u00e9, a-t-il poursuivi, avec ma moto de marque L2. Arriv\u00e9, M. Sawadogo, selon ses dires, \u00e9tait en faction au poste Delta Nord avec deux anciens soldats qu\u2019il a trouv\u00e9s sur place et dont il ne se rappelle plus les noms.<\/p>\n<p>\u00ab C\u2019est \u00e0 ce poste que j\u2019ai entendu entre 16 heures et 16 heures 30 des tirs qui provenaient du conseil. La population \u00e9tait dans la panique. Je suis rest\u00e9 sur place jusqu\u2019\u00e0 17 heures 30 minutes, heure \u00e0 laquelle, je suis all\u00e9 en famille \u00e0 Tanghin pour voir ma m\u00e8re qui avait des soucis de sant\u00e9 \u00bb, a confi\u00e9 l\u2019accus\u00e9.<\/p>\n<p>Du domicile familial, M. Sawadogo a soutenu avoir regagn\u00e9 son poste Delta Nord vers 18 heures 30 avant de retourner au Conseil de l\u2019Entente aux environs de 19 heures o\u00f9 il s\u2019est pr\u00e9sent\u00e9 \u00e0 son chef Kafando qui lui a ordonn\u00e9 d\u2019assurer la garde au poste 520. Le r\u00e9cit du caporal a suscit\u00e9 moult questions au niveau du parquet militaire, des avocats de la partie civile ainsi que ceux de la d\u00e9fense.<\/p>\n<h3>Les cinq erreurs de Sawadogo Idrissa<\/h3>\n<p>Pour le parquet, la d\u00e9claration du pr\u00e9venu comporte des zones d\u2019ombres qu\u2019il convient d\u2019\u00e9claircir. A la question du procureur militaire de savoir comment l\u2019int\u00e9ress\u00e9 pourrait expliquer l\u2019abandon de son poste \u00e0 la fin des coups de feu, M. Sawadogo a r\u00e9pondu qu\u2019il a jug\u00e9 utile d\u2019aller rendre visite \u00e0 sa m\u00e8re souffrante. Ilboudo Yamba Elys\u00e9e, le 1er accus\u00e9 ayant reconnu avoir particip\u00e9 aux \u00e9v\u00e8nements du 15 octobre 1987, a signifi\u00e9 avoir quitt\u00e9 le domicile de Blaise Compaor\u00e9 \u00e0 bord d\u2019un v\u00e9hicule en compagnie de Ou\u00e9draogo Nabonsseouind\u00e9, Nacoulma Wampasba, et Sawadogo Idrissa pour le Conseil de l\u2019Entente.<\/p>\n<p>Quel int\u00e9r\u00eat a Ilboudo Yamba \u00c9lys\u00e9e \u00e0 faire de telles d\u00e9clarations ? A demand\u00e9 le parquet. L\u2019accus\u00e9 a r\u00e9pondu qu\u2019il a inform\u00e9 le juge que M. Ilboudo \u00e9tait malade. \u00ab Elys\u00e9e n\u2019est pas normal \u00bb, a-t-il pr\u00e9cis\u00e9. A la suite du parquet, la partie civile dit avoir d\u00e9cel\u00e9 des incoh\u00e9rences dans les propos du pr\u00e9venu Sawadogo. Me Prosp\u00e8re Farama, \u00e0 travers des questions, \u00e0 amener l\u2019inculp\u00e9 \u00e0 reconna\u00eetre une s\u00e9rie d\u2019erreurs qu\u2019il a commises.<\/p>\n<figure id=\"attachment_41471\" aria-describedby=\"caption-attachment-41471\" style=\"width: 300px\" class=\"wp-caption alignleft\"><img decoding=\"async\" loading=\"lazy\" class=\"size-medium wp-image-41471\" src=\"https:\/\/linitiative.ca\/International\/wp-content\/uploads\/sites\/23\/2021\/10\/proces1-300x128-1.gif\" alt=\"\" width=\"300\" height=\"128\" srcset=\"https:\/\/linitiative.ca\/International\/wp-content\/uploads\/sites\/23\/2021\/10\/proces1-300x128-1.gif 300w, https:\/\/www.sidwaya.info\/wp-content\/uploads\/2021\/10\/proces1-768x327.gif 768w, https:\/\/www.sidwaya.info\/wp-content\/uploads\/2021\/10\/proces1-150x64.gif 150w, https:\/\/www.sidwaya.info\/wp-content\/uploads\/2021\/10\/proces1-696x296.gif 696w\" sizes=\"auto, (max-width: 300px) 100vw, 300px\"><figcaption id=\"caption-attachment-41471\" class=\"wp-caption-text\">Les avocats de la partie civile ont pos\u00e9 des questions aux pr\u00e9venus pour la manifestation de la v\u00e9rit\u00e9.<\/figcaption><\/figure>\n<p>Le fait de quitter son poste au domicile de Blaise Compaor\u00e9 pour se rendre chez sa m\u00e8re sans informer son chef Kafando a \u00e9t\u00e9 reconnu par l\u2019accus\u00e9 comme une premi\u00e8re erreur. La deuxi\u00e8me erreur est le fait de quitter le poste Delta Nord sans informer le chef de poste. La troisi\u00e8me faute selon Me Farama est que l\u2019int\u00e9ress\u00e9 est revenu au poste plus tard et l\u2019a quitt\u00e9 \u00e0 nouveau sans informer sa hi\u00e9rarchie pour regagner le conseil vers 18 h 30 minutes.<\/p>\n<p>\u00ab Pendant que \u00e7a chauffe, le soldat a abandonn\u00e9 la protection de son chef. C\u2019est la quatri\u00e8me erreur et la cinqui\u00e8me erreur est qu\u2019il est revenu au Conseil sans avoir re\u00e7u un ordre surtout apr\u00e8s avoir appris qu\u2019il y a eu des tirs au Conseil \u00bb, a explicit\u00e9 l\u2019avocat de la partie civile.<\/p>\n<p>L\u2019audition de l\u2019accus\u00e9 Sawadogo a pris fin \u00e0 14 heures 53 minutes apr\u00e8s avoir r\u00e9pondu \u00e0 des questions de son conseil et des avocats de la d\u00e9fense. A la suite de M. Sawadogo, le 3e accus\u00e9, Ou\u00e9draogo Nabonsseouind\u00e9, a \u00e9t\u00e9 entendu. Accus\u00e9 d\u2019attentat \u00e0 la s\u00fbret\u00e9 de l\u2019Etat et de complicit\u00e9 d\u2019assassinat, il a, comme son pr\u00e9d\u00e9cesseur, ni\u00e9 les faits.<\/p>\n<h3>Une avanc\u00e9e dans le dossier ?<\/h3>\n<p>Dans sa d\u00e9claration, il a soutenu qu\u2019il \u00e9tait au poste 520 au Conseil depuis le matin jusqu\u2019\u00e0 16 heures. Etaient pr\u00e9sents, \u00e0 ses dires, des \u00e9l\u00e9ments comme Porgo Sita, Otis, Tond\u00e9 Ninda Pascal, Kabr\u00e9 Moumini, Nabi\u00e9 Ousseni et Ma\u00efga. \u00ab Les \u00e9v\u00e8nements du 15 octobre 1987 m\u2019ont surpris. Je n\u2019\u00e9tais au courant de rien. Entre 15 heures 30 minutes et 16 heures, au moment o\u00f9 nous nous appr\u00eations \u00e0 aller au sport, j\u2019ai vu Kafando, Otis, Ma\u00efga et Nabi\u00e9 embarquer dans un v\u00e9hicule qui s\u2019est dirig\u00e9 vers la sortie.<\/p>\n<p>Quelques minutes plus tard, nous avons entendu des coups de feu. Les tirs \u00e9tant g\u00e9n\u00e9ralis\u00e9s, nous nous sommes mis \u00e0 l\u2019abri \u00bb, a-t-il t\u00e9moign\u00e9. Pourquoi Ilboudo Yamba Elys\u00e9e a d\u00e9clar\u00e9 la pr\u00e9sence de M. Ilboudo dans le v\u00e9hicule qui a quitt\u00e9 le domicile de Blaise Compaor\u00e9 pour le Conseil ? \u00ab Je ne sais pas pourquoi il a dit cela. Pendant notre confrontation devant le juge d\u2019instruction, j\u2019ai attir\u00e9 son attention que ces d\u00e9clarations \u00e9taient graves \u00bb, s\u2019est justifi\u00e9 l\u2019accus\u00e9.<\/p>\n<p>Les interrogations de la partie civile ont \u00e9t\u00e9 suspendues aux environs de 16 heures 20 minutes. L\u2019audience reprendra le mardi 2 novembre prochain avec M. Ou\u00e9draogo. Selon l\u2019avocat de la partie civile, Me Jean Patrice Yam\u00e9ogo, les auditions de Sawadogo Idrissa et de Ou\u00e9draogo Nabonsseouind\u00e9 sont une avanc\u00e9e dans le dossier et la suite sera encore plus \u00e9difiante.<\/p>\n<p>Pour l\u2019avocate commise d\u2019office \u00e0 M. Sawadogo, Me Zaliatou Aouba, son client est tr\u00e8s constant dans ses d\u00e9clarations depuis son interpellation en mai 2016. Il a montr\u00e9 qu\u2019il n\u2019\u00e9tait pas sur les lieux au moment des faits. Cela montre que mon client ne se reproche rien, a-t-elle d\u00e9clar\u00e9.<\/p>\n<p style=\"text-align: right\"><strong>Abdoulaye BALBONE <\/strong><\/p>\n<p>L\u2019article <a rel=\"nofollow\" href=\"https:\/\/www.sidwaya.info\/blog\/2021\/10\/28\/proces-thomas-sankara-une-avancee-dans-le-dossier-selon-me-jean-patrice-yameogo\/\">Proc\u00e8s Thomas Sankara : Une avanc\u00e9e dans le dossier,  selon Me Jean Patrice Yam\u00e9ogo<\/a> est apparu en premier sur <a rel=\"nofollow\" href=\"https:\/\/www.sidwaya.info\/\">Quotidien Sidwaya<\/a>.<\/p>\n<\/div>\n<p>Auteur: JK. Sidwaya<br \/>\n<a href=\"https:\/\/www.sidwaya.info\/blog\/2021\/10\/28\/proces-thomas-sankara-une-avancee-dans-le-dossier-selon-me-jean-patrice-yameogo\/\">Cliquez ici pour lire l&rsquo;article depuis sa source.<\/a><\/p>\n","protected":false},"excerpt":{"rendered":"<p>Le proc\u00e8s du dossier Thomas Sankara et 12 autres victimes s\u2019est poursuivi, le jeudi 28 octobre 2021, au tribunal militaire d\u00e9localis\u00e9 \u00e0 Ouaga 2000. Deux accus\u00e9s Sawadogo Idrissa et Ou\u00e9draogo Nabonsseouind\u00e9 \u00e9taient respectivement \u00e0 la barre pour r\u00e9pondre des charges qui p\u00e8sent contre eux. L\u2019audience du jeudi 28 octobre 2021 du proc\u00e8s du dossier Thomas [&hellip;]<\/p>\n","protected":false},"author":1816,"featured_media":0,"comment_status":"closed","ping_status":"closed","sticky":false,"template":"","format":"standard","meta":{"fifu_image_url":"https:\/\/www.sidwaya.info\/wp-content\/uploads\/2021\/10\/proces1-300x128.gif","fifu_image_alt":"Proc\u00e8s Thomas Sankara : Une avanc\u00e9e dans le dossier,  selon Me Jean Patrice Yam\u00e9ogo","footnotes":""},"categories":[73,81],"tags":[],"class_list":["post-131296","post","type-post","status-publish","format-standard","hentry","category-actualite","category-burkina-faso"],"_links":{"self":[{"href":"https:\/\/linitiative.ca\/International\/wp-json\/wp\/v2\/posts\/131296","targetHints":{"allow":["GET"]}}],"collection":[{"href":"https:\/\/linitiative.ca\/International\/wp-json\/wp\/v2\/posts"}],"about":[{"href":"https:\/\/linitiative.ca\/International\/wp-json\/wp\/v2\/types\/post"}],"author":[{"embeddable":true,"href":"https:\/\/linitiative.ca\/International\/wp-json\/wp\/v2\/users\/1816"}],"replies":[{"embeddable":true,"href":"https:\/\/linitiative.ca\/International\/wp-json\/wp\/v2\/comments?post=131296"}],"version-history":[{"count":0,"href":"https:\/\/linitiative.ca\/International\/wp-json\/wp\/v2\/posts\/131296\/revisions"}],"wp:attachment":[{"href":"https:\/\/linitiative.ca\/International\/wp-json\/wp\/v2\/media?parent=131296"}],"wp:term":[{"taxonomy":"category","embeddable":true,"href":"https:\/\/linitiative.ca\/International\/wp-json\/wp\/v2\/categories?post=131296"},{"taxonomy":"post_tag","embeddable":true,"href":"https:\/\/linitiative.ca\/International\/wp-json\/wp\/v2\/tags?post=131296"}],"curies":[{"name":"wp","href":"https:\/\/api.w.org\/{rel}","templated":true}]}}