{"id":131300,"date":"2021-10-28T13:01:00","date_gmt":"2021-10-28T17:01:00","guid":{"rendered":"https:\/\/linitiative.ca\/International\/cameroun-le-vlogueur-steve-fah-met-du-sucre-sur-la-can-totalenergies-2021\/"},"modified":"2021-10-28T13:01:00","modified_gmt":"2021-10-28T17:01:00","slug":"cameroun-le-vlogueur-steve-fah-met-du-sucre-sur-la-can-totalenergies-2021","status":"publish","type":"post","link":"https:\/\/linitiative.ca\/International\/cameroun-le-vlogueur-steve-fah-met-du-sucre-sur-la-can-totalenergies-2021\/","title":{"rendered":"Cameroun : le vlogueur Steve Fah met du sucre sur la Can TotalEnergies 2021"},"content":{"rendered":"<div>\n<p><img loading=\"lazy\" decoding=\"async\" width=\"400\" height=\"400\" src=\"https:\/\/linitiative.ca\/International\/wp-content\/uploads\/sites\/23\/2021\/10\/ViyJdMDa.jpg\" class=\"attachment-post-thumbnail size-post-thumbnail wp-post-image\" alt=\"\" srcset=\"https:\/\/linitiative.ca\/International\/wp-content\/uploads\/sites\/23\/2021\/10\/ViyJdMDa.jpg 400w, https:\/\/www.journalducameroun.com\/wp-content\/uploads\/2021\/10\/ViyJdMDa-150x150.jpg 150w, https:\/\/www.journalducameroun.com\/wp-content\/uploads\/2021\/10\/ViyJdMDa-300x300.jpg 300w, https:\/\/www.journalducameroun.com\/wp-content\/uploads\/2021\/10\/ViyJdMDa-60x60.jpg 60w, https:\/\/www.journalducameroun.com\/wp-content\/uploads\/2021\/10\/ViyJdMDa-100x100.jpg 100w\" sizes=\"auto, (max-width: 400px) 100vw, 400px\"><\/p>\n<p style=\"text-align: justify;\">Embarqu\u00e9 dans la mission du Secr\u00e9taire g\u00e9n\u00e9ral \u00e0 la pr\u00e9sidence de la R\u00e9publique, <strong>Ferdinand Ngoh Ngoh<\/strong>, ayant visit\u00e9 les infrastructures de la prochaine <strong>Coupe d&rsquo;Afrique des nations<\/strong> (CAN 2021). L&rsquo;animateur de l&rsquo;\u00e9mission web d\u00e9nomm\u00e9e \u00ab <strong>03<em>\u00a0minutes du peuple<\/em><\/strong>\u00bb, a publi\u00e9 le 27 octobre 2020 une vid\u00e9o devenue virale sur les r\u00e9seaux sociaux.<\/p>\n<p style=\"text-align: justify;\">Annon\u00e7ant\u00a0 avec\u00a0 plusieurs stars du football telles que <strong>Samuel Eto&rsquo;o, Enganamouit, El Hadj Diouf<\/strong> et <strong>Rigobert Song,\u00a0<\/strong>une Can 2021 \u00ab sucr\u00e9e\u00bb.<\/p>\n<p style=\"text-align: justify;\">A 74 jours du coup d&rsquo;envoie de la CAN, <strong>Steve Fah<\/strong> donne aux \u00e9quipes attendues au <strong>Cameroun<\/strong>,\u00a0 un aper\u00e7u de leur s\u00e9jour au pays des <strong>Lions indomptables<\/strong>. La vid\u00e9o de cinq minutes attisent la soif des locaux d&rsquo;accueillir le continent sur des \u00e9quipements de standard mondiaux et dans une ambiance haut de gamme.<\/p>\n<p style=\"text-align: justify;\">Ci-dessous la vid\u00e9o qui fait le buzz en ce moment sur la toile au Cameroun, anime les commentaires dans les chaumi\u00e8res.<\/p>\n<div style=\"width: 426px;\" class=\"wp-video\"><video class=\"wp-video-shortcode\" id=\"video-131300-1\" width=\"426\" height=\"240\" preload=\"metadata\" controls=\"controls\"><source type=\"video\/mp4\" src=\"https:\/\/www.journalducameroun.com\/wp-content\/uploads\/2021\/10\/VID-20211027-WA0057.mp4?_=1\" \/><a href=\"https:\/\/www.journalducameroun.com\/wp-content\/uploads\/2021\/10\/VID-20211027-WA0057.mp4\">https:\/\/www.journalducameroun.com\/wp-content\/uploads\/2021\/10\/VID-20211027-WA0057.mp4<\/a><\/video><\/div>\n<p style=\"text-align: justify;\">\n<p>Cet article <a rel=\"nofollow\" href=\"https:\/\/www.journalducameroun.com\/cameroun-le-vlogueur-steve-fah-met-du-sucre-sur-la-can-totalenergies-2021-cameroun\/\">Cameroun : le vlogueur Steve Fah met du sucre sur la Can TotalEnergies 2021<\/a> est apparu en premier sur <a rel=\"nofollow\" href=\"https:\/\/www.journalducameroun.com\/\">Journal du Cameroun<\/a>.<\/p>\n<\/div>\n<p>Auteur: Christian DJIMADEU<br \/>\n<a href=\"https:\/\/www.journalducameroun.com\/cameroun-le-vlogueur-steve-fah-met-du-sucre-sur-la-can-totalenergies-2021-cameroun\/\">Cliquez ici pour lire l&rsquo;article depuis sa source.<\/a><\/p>\n","protected":false},"excerpt":{"rendered":"<p>Embarqu\u00e9 dans la mission du Secr\u00e9taire g\u00e9n\u00e9ral \u00e0 la pr\u00e9sidence de la R\u00e9publique, Ferdinand Ngoh Ngoh, ayant visit\u00e9 les infrastructures de la prochaine Coupe d&rsquo;Afrique des nations (CAN 2021). L&rsquo;animateur de l&rsquo;\u00e9mission web d\u00e9nomm\u00e9e \u00ab 03\u00a0minutes du peuple\u00bb, a publi\u00e9 le 27 octobre 2020 une vid\u00e9o devenue virale sur les r\u00e9seaux sociaux. Annon\u00e7ant\u00a0 avec\u00a0 plusieurs [&hellip;]<\/p>\n","protected":false},"author":1965,"featured_media":0,"comment_status":"closed","ping_status":"closed","sticky":false,"template":"","format":"standard","meta":{"fifu_image_url":"https:\/\/www.journalducameroun.com\/wp-content\/uploads\/2021\/10\/ViyJdMDa.jpg","fifu_image_alt":"Cameroun : le vlogueur Steve Fah met du sucre sur la Can TotalEnergies 2021","footnotes":""},"categories":[73,82],"tags":[],"class_list":["post-131300","post","type-post","status-publish","format-standard","hentry","category-actualite","category-cameroun"],"_links":{"self":[{"href":"https:\/\/linitiative.ca\/International\/wp-json\/wp\/v2\/posts\/131300","targetHints":{"allow":["GET"]}}],"collection":[{"href":"https:\/\/linitiative.ca\/International\/wp-json\/wp\/v2\/posts"}],"about":[{"href":"https:\/\/linitiative.ca\/International\/wp-json\/wp\/v2\/types\/post"}],"author":[{"embeddable":true,"href":"https:\/\/linitiative.ca\/International\/wp-json\/wp\/v2\/users\/1965"}],"replies":[{"embeddable":true,"href":"https:\/\/linitiative.ca\/International\/wp-json\/wp\/v2\/comments?post=131300"}],"version-history":[{"count":0,"href":"https:\/\/linitiative.ca\/International\/wp-json\/wp\/v2\/posts\/131300\/revisions"}],"wp:attachment":[{"href":"https:\/\/linitiative.ca\/International\/wp-json\/wp\/v2\/media?parent=131300"}],"wp:term":[{"taxonomy":"category","embeddable":true,"href":"https:\/\/linitiative.ca\/International\/wp-json\/wp\/v2\/categories?post=131300"},{"taxonomy":"post_tag","embeddable":true,"href":"https:\/\/linitiative.ca\/International\/wp-json\/wp\/v2\/tags?post=131300"}],"curies":[{"name":"wp","href":"https:\/\/api.w.org\/{rel}","templated":true}]}}