{"id":131302,"date":"2021-10-28T13:18:02","date_gmt":"2021-10-28T17:18:02","guid":{"rendered":"https:\/\/linitiative.ca\/International\/afrique-le-changement-climatique-menace-la-reprise-economique-rapport\/"},"modified":"2021-10-28T13:18:02","modified_gmt":"2021-10-28T17:18:02","slug":"afrique-le-changement-climatique-menace-la-reprise-economique-rapport","status":"publish","type":"post","link":"https:\/\/linitiative.ca\/International\/afrique-le-changement-climatique-menace-la-reprise-economique-rapport\/","title":{"rendered":"Afrique : le changement climatique menace la reprise \u00e9conomique (rapport)"},"content":{"rendered":"<div>\n<p><img loading=\"lazy\" decoding=\"async\" width=\"300\" height=\"168\" src=\"https:\/\/linitiative.ca\/International\/wp-content\/uploads\/sites\/23\/2021\/10\/16354414827527.jpg\" class=\"attachment-post-thumbnail size-post-thumbnail wp-post-image\" alt=\"\" srcset=\"https:\/\/linitiative.ca\/International\/wp-content\/uploads\/sites\/23\/2021\/10\/16354414827527.jpg 300w, https:\/\/www.journalducameroun.com\/wp-content\/uploads\/2021\/10\/16354414827527-780x440.jpg 780w, https:\/\/www.journalducameroun.com\/wp-content\/uploads\/2021\/10\/16354414827527-160x90.jpg 160w, https:\/\/www.journalducameroun.com\/wp-content\/uploads\/2021\/10\/16354414827527-240x135.jpg 240w\" sizes=\"auto, (max-width: 300px) 100vw, 300px\"><\/p>\n<p>Les migrations climatiques en Afrique de l&rsquo;Ouest et dans le bassin du lac Victoria risquent de saper les efforts de d\u00e9veloppement du continent selon un communiqu\u00e9 parvenu jeudi \u00e0 APA.D&rsquo;ici 2050, l&rsquo;Afrique pourrait devenir la r\u00e9gion du monde la plus durement touch\u00e9e par les d\u00e9r\u00e8glements du climat. A cette date, le continent noir compterait 86 millions selon la nouvelle s\u00e9rie de rapports Groundswell Africa, publi\u00e9e hier par la Banque mondiale. A la veille de la 26e session de la Conf\u00e9rence des Nations Unies sur le climat (COP 26), l&rsquo;institution financi\u00e8re tire la sonnette d&rsquo;alarme.<\/p>\n<p>En effet, l&rsquo;analyse des donn\u00e9es des pays d&rsquo;Afrique de l&rsquo;Ouest et du bassin du lac Victoria, notent qu&rsquo;en l&rsquo;absence de mesures concr\u00e8tes, des foyers de migration climatique pourraient appara\u00eetre d\u00e8s 2030, avant de s&rsquo;\u00e9tendre et de s&rsquo;intensifier par la suite.<\/p>\n<p>Cette situation forcerait 32\u00a0millions de personnes en Afrique de l&rsquo;Ouest \u00e0 migrer \u00e0 l&rsquo;int\u00e9rieur de leur pays d&rsquo;ici 2050. Les estimations sont encore plus \u00e9lev\u00e9es pour la r\u00e9gion du bassin du lac Victoria qui risque de compter 38,5\u00a0millions de migrants internes sur la m\u00eame p\u00e9riode.<\/p>\n<p>\u00ab\u00a0Des \u00e9leveurs nomades sillonnant le Sahel aux p\u00eacheurs qui bravent les oc\u00e9ans, l&rsquo;histoire de l&rsquo;Afrique de l&rsquo;Ouest est celle d&rsquo;une r\u00e9gion marqu\u00e9e par les migrations climatiques. Au cours des prochaines ann\u00e9es, les Africains seront confront\u00e9s \u00e0 des difficult\u00e9s sans pr\u00e9c\u00e9dent \u00e0 cause de la hausse des temp\u00e9ratures, de l&rsquo;irr\u00e9gularit\u00e9 des pr\u00e9cipitations, des inondations et de l&rsquo;\u00e9rosion c\u00f4ti\u00e8re\u00a0\u00bb,\u00a0souligne\u00a0le vice-pr\u00e9sident de la Banque mondiale pour l&rsquo;Afrique de l&rsquo;Ouest et du centre, Ousmane Diagana, cit\u00e9 par la note.<\/p>\n<p>\u00ab\u00a0Cette s\u00e9rie de rapports identifie les strat\u00e9gies d&rsquo;actions climatiques prioritaires pour aider les pays \u00e0 \u00e9voluer vers un d\u00e9veloppement vert, r\u00e9silient et inclusif et cr\u00e9er des moyens de subsistance durables pour tous les Africains\u00a0\u00bb, informe-t-il.<\/p>\n<p>Les effets graduels du changement climatique, comme la p\u00e9nurie d&rsquo;eau, la baisse de productivit\u00e9 des cultures et des \u00e9cosyst\u00e8mes, l&rsquo;\u00e9l\u00e9vation du niveau de la mer et les ondes de temp\u00eate, contraindront de plus en plus les populations \u00e0 migrer. Certains territoires deviendront moins hospitaliers sous l&rsquo;effet du stress thermique, des \u00e9v\u00e9nements m\u00e9t\u00e9orologiques extr\u00eames et de la perte de terres.<\/p>\n<p>D&rsquo;autres, en revanche, pourraient devenir plus attrayants en raison des changements induits par le climat, comme la hausse des pr\u00e9cipitations. S&rsquo;ils ne sont pas ma\u00eetris\u00e9s, ces bouleversements risquent non seulement d&rsquo;entra\u00eener des flux migratoires, mais aussi d&rsquo;accentuer les vuln\u00e9rabilit\u00e9s existantes et d&rsquo;aggraver la pauvret\u00e9 et les situations de fragilit\u00e9, conflit et violence.<\/p>\n<p>Les auteurs du rapport notent que les mouvements migratoires d\u00e9pendront de l&rsquo;interaction entre les effets graduels du changement climatique, la dynamique d\u00e9mographique et le contexte socio\u00e9conomique de chaque pays. L&rsquo;ampleur des migrations climatiques internes pourrait toutefois \u00eatre r\u00e9duite de 30\u00a0% dans la r\u00e9gion du lac Victoria et de 60\u00a0% en Afrique de l&rsquo;Ouest gr\u00e2ce \u00e0 des mesures imm\u00e9diates et concert\u00e9es pour r\u00e9duire les \u00e9missions mondiales de gaz \u00e0 effet de serre et favoriser un d\u00e9veloppement vert, inclusif et r\u00e9silient.<\/p>\n<p>\u00ab Les investissements dans la r\u00e9silience et l&rsquo;adaptation sont \u00e0 m\u00eame de promouvoir les industries vertes, et lorsqu&rsquo;ils sont associ\u00e9s \u00e0 des investissements dans la sant\u00e9, l&rsquo;\u00e9ducation, l&rsquo;\u00e9conomie num\u00e9rique, l&rsquo;innovation et les infrastructures durables, ils offrent \u00e9galement un formidable potentiel pour cr\u00e9er des emplois adapt\u00e9s aux d\u00e9fis climatiques et stimuler la croissance \u00e9conomique \u00bb,\u00a0affirme\u00a0le vice-pr\u00e9sident de la Banque mondiale pour l&rsquo;Afrique de l&rsquo;Est et australe,\u00a0Hafez Ghanem.<\/p>\n<p>\u00ab\u00a0Dans le cadre de ces efforts, il est essentiel de mettre l&rsquo;accent sur l&rsquo;autonomisation des femmes afin d&rsquo;am\u00e9liorer le capital humain et de b\u00e9n\u00e9ficier du dividende d\u00e9mographique, car ces aspects seront des composantes importantes du renforcement de la r\u00e9silience climatique dans les ann\u00e9es \u00e0 venir \u00bb,\u00a0ajoute-t-il.<\/p>\n<p>L&rsquo;ampleur et la trajectoire des migrations caus\u00e9es par les facteurs climatiques obligeront les pays \u00e0 prendre des mesures vigoureuses et transformatrices ax\u00e9es sur\u00a0la neutralit\u00e9 carbone\u00a0; le contexte local\u00a0en int\u00e9grant la question des migrations climatiques internes dans des plans de d\u00e9veloppement anticipateurs, \u00e9cologiques, r\u00e9silients et inclusifs sur l&rsquo;ensemble du continent africain.<\/p>\n<p>Ces mesures porteront aussi sur les donn\u00e9es \u00e0 travers l&rsquo;investissement dans la recherche et les outils de diagnostic pour mieux comprendre les facteurs des migrations climatiques internes et, partant, de mettre en place des politiques cibl\u00e9es ; et les populations en investissant dans le capital humain pour permettre aux citoyens d&rsquo;occuper des emplois productifs et durables adapt\u00e9s aux d\u00e9fis climatiques.<\/p>\n<p>Cet article <a rel=\"nofollow\" href=\"https:\/\/www.journalducameroun.com\/afrique-le-changement-climatique-menace-la-reprise-economique-rapport\/\">Afrique : le changement climatique menace la reprise \u00e9conomique (rapport)<\/a> est apparu en premier sur <a rel=\"nofollow\" href=\"https:\/\/www.journalducameroun.com\/\">Journal du Cameroun<\/a>.<\/p>\n<\/div>\n<p>Auteur: APA News<br \/>\n<a href=\"https:\/\/www.journalducameroun.com\/afrique-le-changement-climatique-menace-la-reprise-economique-rapport\/\">Cliquez ici pour lire l&rsquo;article depuis sa source.<\/a><\/p>\n","protected":false},"excerpt":{"rendered":"<p>Les migrations climatiques en Afrique de l&rsquo;Ouest et dans le bassin du lac Victoria risquent de saper les efforts de d\u00e9veloppement du continent selon un communiqu\u00e9 parvenu jeudi \u00e0 APA.D&rsquo;ici 2050, l&rsquo;Afrique pourrait devenir la r\u00e9gion du monde la plus durement touch\u00e9e par les d\u00e9r\u00e8glements du climat. A cette date, le continent noir compterait 86 [&hellip;]<\/p>\n","protected":false},"author":1965,"featured_media":0,"comment_status":"closed","ping_status":"closed","sticky":false,"template":"","format":"standard","meta":{"fifu_image_url":"https:\/\/www.journalducameroun.com\/wp-content\/uploads\/2021\/10\/16354414827527.jpg","fifu_image_alt":"Afrique : le changement climatique menace la reprise \u00e9conomique (rapport)","footnotes":""},"categories":[73,82],"tags":[],"class_list":["post-131302","post","type-post","status-publish","format-standard","hentry","category-actualite","category-cameroun"],"_links":{"self":[{"href":"https:\/\/linitiative.ca\/International\/wp-json\/wp\/v2\/posts\/131302","targetHints":{"allow":["GET"]}}],"collection":[{"href":"https:\/\/linitiative.ca\/International\/wp-json\/wp\/v2\/posts"}],"about":[{"href":"https:\/\/linitiative.ca\/International\/wp-json\/wp\/v2\/types\/post"}],"author":[{"embeddable":true,"href":"https:\/\/linitiative.ca\/International\/wp-json\/wp\/v2\/users\/1965"}],"replies":[{"embeddable":true,"href":"https:\/\/linitiative.ca\/International\/wp-json\/wp\/v2\/comments?post=131302"}],"version-history":[{"count":0,"href":"https:\/\/linitiative.ca\/International\/wp-json\/wp\/v2\/posts\/131302\/revisions"}],"wp:attachment":[{"href":"https:\/\/linitiative.ca\/International\/wp-json\/wp\/v2\/media?parent=131302"}],"wp:term":[{"taxonomy":"category","embeddable":true,"href":"https:\/\/linitiative.ca\/International\/wp-json\/wp\/v2\/categories?post=131302"},{"taxonomy":"post_tag","embeddable":true,"href":"https:\/\/linitiative.ca\/International\/wp-json\/wp\/v2\/tags?post=131302"}],"curies":[{"name":"wp","href":"https:\/\/api.w.org\/{rel}","templated":true}]}}