{"id":131304,"date":"2021-10-28T13:18:02","date_gmt":"2021-10-28T17:18:02","guid":{"rendered":"https:\/\/linitiative.ca\/International\/inauguration-a-abidjan-dun-centre-sportif-ivoiro-coreen-dun-cout-de-65-milliards-fcfa\/"},"modified":"2021-10-28T13:18:02","modified_gmt":"2021-10-28T17:18:02","slug":"inauguration-a-abidjan-dun-centre-sportif-ivoiro-coreen-dun-cout-de-65-milliards-fcfa","status":"publish","type":"post","link":"https:\/\/linitiative.ca\/International\/inauguration-a-abidjan-dun-centre-sportif-ivoiro-coreen-dun-cout-de-65-milliards-fcfa\/","title":{"rendered":"Inauguration \u00e0 Abidjan d\u2019un centre sportif ivoiro-cor\u00e9en d\u2019un co\u00fbt de 6,5 milliards Fcfa"},"content":{"rendered":"<div>\n<p><img loading=\"lazy\" decoding=\"async\" width=\"1280\" height=\"853\" src=\"https:\/\/linitiative.ca\/International\/wp-content\/uploads\/sites\/23\/2021\/10\/16354414827113.jpg\" class=\"attachment-post-thumbnail size-post-thumbnail wp-post-image\" alt=\"\" srcset=\"https:\/\/linitiative.ca\/International\/wp-content\/uploads\/sites\/23\/2021\/10\/16354414827113.jpg 1280w, https:\/\/www.journalducameroun.com\/wp-content\/uploads\/2021\/10\/16354414827113-300x200.jpg 300w, https:\/\/www.journalducameroun.com\/wp-content\/uploads\/2021\/10\/16354414827113-768x512.jpg 768w, https:\/\/www.journalducameroun.com\/wp-content\/uploads\/2021\/10\/16354414827113-1024x682.jpg 1024w, https:\/\/www.journalducameroun.com\/wp-content\/uploads\/2021\/10\/16354414827113-660x440.jpg 660w, https:\/\/www.journalducameroun.com\/wp-content\/uploads\/2021\/10\/16354414827113-600x400.jpg 600w\" sizes=\"auto, (max-width: 1280px) 100vw, 1280px\"><\/p>\n<p>Le chef de l&rsquo;Etat ivoirien Alassane Ouattara, a proc\u00e9d\u00e9 jeudi \u00e0 l&rsquo;inauguration d&rsquo;un Centre sportif, culturel et des TIC ivoiro-cor\u00e9en \u00e9ponyme, situ\u00e9 \u00e0 Adjam\u00e9, dans le Nord d&rsquo;Abidjan.<\/p>\n<p>\u00ab\u00a0Cet \u00e9difice repr\u00e9sente un symbole fort de l&rsquo;amiti\u00e9 entre nos deux pays\u00a0\u00bb, a d\u00e9clar\u00e9 M. Alassane Ouattara qui a traduit toute la reconnaissance de la R\u00e9publique de C\u00f4te d&rsquo;Ivoire \u00e0 l&rsquo;Etat de la Cor\u00e9e pour \u00ab\u00a0le don de ce bel ouvrage\u00a0\u00bb.<\/p>\n<p>Le centre devrait permettre l&rsquo;\u00e9ducation et l&rsquo;encadrement de la jeunesse. Il comprend 1200 si\u00e8ges, une salle d&rsquo;exposition culturelle et se veut un espace qui accueille les rendez-vous sportifs, culturels et des TIC.\u00a0<\/p>\n<p>Selon le ministre ivoirien des Sports et du d\u00e9veloppement de l&rsquo;\u00e9conomie sportive, Claude Paulin Danho, l&rsquo;ouvrage a co\u00fbt\u00e9 6,5 milliards Fcfa d&rsquo;investissement, soit 5,2 milliards Fcfa financ\u00e9s par la R\u00e9publique de Cor\u00e9e et 1,3 milliard Fcfa de l&rsquo;Etat ivoirien.<\/p>\n<p>\u00a0Cet espace, d\u00e9di\u00e9 \u00e0 la promotion du taekwondo, a \u00e9t\u00e9 inaugur\u00e9 en pr\u00e9sence de l&rsquo;ambassadeur de Cor\u00e9e en C\u00f4te d&rsquo;Ivoire, Lee Sang Ryul. Il s&rsquo;est r\u00e9joui de ce que le centre sportif, culturel et des TIC renforce les liens de coop\u00e9ration entre les deux pays.\u00a0<\/p>\n<p>\u00a0\u00bbNous pouvons dire d\u00e9sormais que le taekwondo est devenu autonome\u00a0\u00bb, a affirm\u00e9\u00a0Me Jean-Luc Adj\u00e9mel, ceinture noire 4e dan dans cette discipline, rapportant que par le pass\u00e9, ils louaient des salles pour organiser des comp\u00e9titions de passage de grade.\u00a0<\/p>\n<p>En 1961, la C\u00f4te d&rsquo;Ivoire a nou\u00e9 des relations avec la Cor\u00e9e. L&rsquo;Etat ivoirien est le premier pays africain \u00e0 \u00e9tablir avec la Cor\u00e9e des relations diplomatiques et cette coop\u00e9ration entre les deux pays dure aujourd&rsquo;hui 60 ans.\u00a0<\/p>\n<p>Cet article <a rel=\"nofollow\" href=\"https:\/\/www.journalducameroun.com\/inauguration-a-abidjan-dun-centre-sportif-ivoiro-coreen-dun-cout-de-65-milliards-fcfa\/\">Inauguration \u00e0 Abidjan d\u2019un centre sportif ivoiro-cor\u00e9en d\u2019un co\u00fbt de 6,5 milliards Fcfa<\/a> est apparu en premier sur <a rel=\"nofollow\" href=\"https:\/\/www.journalducameroun.com\/\">Journal du Cameroun<\/a>.<\/p>\n<\/div>\n<p>Auteur: APA News<br \/>\n<a href=\"https:\/\/www.journalducameroun.com\/inauguration-a-abidjan-dun-centre-sportif-ivoiro-coreen-dun-cout-de-65-milliards-fcfa\/\">Cliquez ici pour lire l&rsquo;article depuis sa source.<\/a><\/p>\n","protected":false},"excerpt":{"rendered":"<p>Le chef de l&rsquo;Etat ivoirien Alassane Ouattara, a proc\u00e9d\u00e9 jeudi \u00e0 l&rsquo;inauguration d&rsquo;un Centre sportif, culturel et des TIC ivoiro-cor\u00e9en \u00e9ponyme, situ\u00e9 \u00e0 Adjam\u00e9, dans le Nord d&rsquo;Abidjan. \u00ab\u00a0Cet \u00e9difice repr\u00e9sente un symbole fort de l&rsquo;amiti\u00e9 entre nos deux pays\u00a0\u00bb, a d\u00e9clar\u00e9 M. Alassane Ouattara qui a traduit toute la reconnaissance de la R\u00e9publique de [&hellip;]<\/p>\n","protected":false},"author":1965,"featured_media":0,"comment_status":"closed","ping_status":"closed","sticky":false,"template":"","format":"standard","meta":{"fifu_image_url":"https:\/\/www.journalducameroun.com\/wp-content\/uploads\/2021\/10\/16354414827113.jpg","fifu_image_alt":"Inauguration \u00e0 Abidjan d\u2019un centre sportif ivoiro-cor\u00e9en d\u2019un co\u00fbt de 6,5 milliards Fcfa","footnotes":""},"categories":[73,82],"tags":[],"class_list":["post-131304","post","type-post","status-publish","format-standard","hentry","category-actualite","category-cameroun"],"_links":{"self":[{"href":"https:\/\/linitiative.ca\/International\/wp-json\/wp\/v2\/posts\/131304","targetHints":{"allow":["GET"]}}],"collection":[{"href":"https:\/\/linitiative.ca\/International\/wp-json\/wp\/v2\/posts"}],"about":[{"href":"https:\/\/linitiative.ca\/International\/wp-json\/wp\/v2\/types\/post"}],"author":[{"embeddable":true,"href":"https:\/\/linitiative.ca\/International\/wp-json\/wp\/v2\/users\/1965"}],"replies":[{"embeddable":true,"href":"https:\/\/linitiative.ca\/International\/wp-json\/wp\/v2\/comments?post=131304"}],"version-history":[{"count":0,"href":"https:\/\/linitiative.ca\/International\/wp-json\/wp\/v2\/posts\/131304\/revisions"}],"wp:attachment":[{"href":"https:\/\/linitiative.ca\/International\/wp-json\/wp\/v2\/media?parent=131304"}],"wp:term":[{"taxonomy":"category","embeddable":true,"href":"https:\/\/linitiative.ca\/International\/wp-json\/wp\/v2\/categories?post=131304"},{"taxonomy":"post_tag","embeddable":true,"href":"https:\/\/linitiative.ca\/International\/wp-json\/wp\/v2\/tags?post=131304"}],"curies":[{"name":"wp","href":"https:\/\/api.w.org\/{rel}","templated":true}]}}