{"id":131306,"date":"2021-10-28T14:18:02","date_gmt":"2021-10-28T18:18:02","guid":{"rendered":"https:\/\/linitiative.ca\/International\/sante-operation-de-collecte-de-sang-a-abidjan\/"},"modified":"2021-10-28T14:18:02","modified_gmt":"2021-10-28T18:18:02","slug":"sante-operation-de-collecte-de-sang-a-abidjan","status":"publish","type":"post","link":"https:\/\/linitiative.ca\/International\/sante-operation-de-collecte-de-sang-a-abidjan\/","title":{"rendered":"Sant\u00e9: op\u00e9ration de collecte de sang \u00e0 Abidjan"},"content":{"rendered":"<div>\n<p><img loading=\"lazy\" decoding=\"async\" width=\"1280\" height=\"958\" src=\"https:\/\/linitiative.ca\/International\/wp-content\/uploads\/sites\/23\/2021\/10\/16354450828630.jpg\" class=\"attachment-post-thumbnail size-post-thumbnail wp-post-image\" alt=\"\" srcset=\"https:\/\/linitiative.ca\/International\/wp-content\/uploads\/sites\/23\/2021\/10\/16354450828630.jpg 1280w, https:\/\/www.journalducameroun.com\/wp-content\/uploads\/2021\/10\/16354450828630-300x225.jpg 300w, https:\/\/www.journalducameroun.com\/wp-content\/uploads\/2021\/10\/16354450828630-768x575.jpg 768w, https:\/\/www.journalducameroun.com\/wp-content\/uploads\/2021\/10\/16354450828630-1024x766.jpg 1024w, https:\/\/www.journalducameroun.com\/wp-content\/uploads\/2021\/10\/16354450828630-588x440.jpg 588w, https:\/\/www.journalducameroun.com\/wp-content\/uploads\/2021\/10\/16354450828630-600x449.jpg 600w\" sizes=\"auto, (max-width: 1280px) 100vw, 1280px\"><\/p>\n<p>Une op\u00e9ration de collecte de sang s&rsquo;est d\u00e9roul\u00e9e, jeudi, \u00e0 Abidjan \u00e0 l&rsquo;initiative du Secr\u00e9tariat d&rsquo;Etat charg\u00e9 de la Modernisation de l&rsquo;administration.<\/p>\n<p>Organis\u00e9e par la direction des ressources humaines (DRH) du Secr\u00e9tariat d&rsquo;Etat charg\u00e9 de la Modernisation de l&rsquo;administration, avec l&rsquo;appui technique du Centre national de transfusion sanguine (CNTS), cette op\u00e9ration a permis de collecter une centaine de poches de sang.<\/p>\n<p>Dr No\u00ebl Tahet, directeur de cabinet de Dr \u00a0Brice Kouassi, Secr\u00e9taire d&rsquo;Etat charg\u00e9 de la Modernisation de l&rsquo;administration a salu\u00e9 cette initiative de la DRH qui \u00e9pouse la vision du pr\u00e9sident de la R\u00e9publique \u00e0 faire de la Nation, un pays solidaire.<\/p>\n<p>\u00ab Donner son Sang est un acte de port\u00e9e sociale, mais en m\u00eame temps, donner son sang pour sauver des vies, c&rsquo;est aussi un acte spirituel (\u2026) Ce matin, les agents ont r\u00e9pondu nombreux pour venir apporter leur contribution afin qu&rsquo;\u00e0 travers cet acte, beaucoup de vies soient sauv\u00e9es \u00bb \u00a0a-t-il d\u00e9clar\u00e9.<\/p>\n<p>Commentant \u00e9galement \u00e0 son tour cette op\u00e9ration qui est \u00e0 sa deuxi\u00e8me \u00e9dition, le directeur des ressources humaines M. N&rsquo;Golo Coulibaly du Secr\u00e9tariat d&rsquo;Etat charg\u00e9 de la Modernisation de l&rsquo;administration \u00a0s&rsquo;est f\u00e9licit\u00e9 \u00a0de la disponibilit\u00e9 du personnel qui \u00e0 travers cet acte d&rsquo;humanisme sauve des vies.<\/p>\n<p>\u00ab Aujourd&rsquo;hui, quand vous allez dans les h\u00f4pitaux, vous constatez qu&rsquo;il y a un r\u00e9el besoin en sang, et le Secr\u00e9tariat d&rsquo;Etat est engag\u00e9 aupr\u00e8s de l&rsquo;action gouvernementale \u00bb, a-t-il expliqu\u00e9, soulignant que cette op\u00e9ration don de sang est un \u00a0acte civique d&rsquo;une extr\u00eame importance.<\/p>\n<p>Dans le m\u00eame \u00e9lan, Dr Assoupou Olga du Centre national de transfusion sanguine (CNTS) a sensibilis\u00e9 les uns et les autres \u00e0 emboiter le pas au personnel du Secr\u00e9tariat d&rsquo;Etat.<\/p>\n<p>\u00ab On aura toujours besoin de sang, car nous sommes dans un pays o\u00f9 l&rsquo;offre est inf\u00e9rieure \u00e0 la demande. Mais plus, nous avons ce genre de s\u00e9ance, plus \u00a0la banque de sang peut aller vers une autosuffisance \u00bb a-t-elle affirm\u00e9.<\/p>\n<p>Pour les diff\u00e9rents donateurs, plus qu&rsquo;un acte citoyen, donner son sang est une n\u00e9cessit\u00e9 :<\/p>\n<p>\u00ab Participer \u00e0 une op\u00e9ration don de sang est une n\u00e9cessit\u00e9, car elle sauve des vies. Prenons l&rsquo;exemple des hommes et femmes dans les h\u00f4pitaux qui ont besoin d&rsquo;\u00eatre transfus\u00e9. Nous devrons contribuer \u00e0 cette action humanitaire de sauver des vies \u00bb a soutenu un agent du Secr\u00e9tariat d&rsquo;Etat apr\u00e8s avoir donn\u00e9 son sang.<\/p>\n<p>La C\u00f4te d&rsquo;Ivoire ne produit annuellement que 160 000 poches de sang l\u00e0 o\u00f9 les besoins sont de 250 000 poches pour une population de 25 millions d&rsquo;habitants.<\/p>\n<p>Cet article <a rel=\"nofollow\" href=\"https:\/\/www.journalducameroun.com\/sante-operation-de-collecte-de-sang-a-abidjan\/\">Sant\u00e9: op\u00e9ration de collecte de sang \u00e0 Abidjan<\/a> est apparu en premier sur <a rel=\"nofollow\" href=\"https:\/\/www.journalducameroun.com\/\">Journal du Cameroun<\/a>.<\/p>\n<\/div>\n<p>Auteur: APA News<br \/>\n<a href=\"https:\/\/www.journalducameroun.com\/sante-operation-de-collecte-de-sang-a-abidjan\/\">Cliquez ici pour lire l&rsquo;article depuis sa source.<\/a><\/p>\n","protected":false},"excerpt":{"rendered":"<p>Une op\u00e9ration de collecte de sang s&rsquo;est d\u00e9roul\u00e9e, jeudi, \u00e0 Abidjan \u00e0 l&rsquo;initiative du Secr\u00e9tariat d&rsquo;Etat charg\u00e9 de la Modernisation de l&rsquo;administration. Organis\u00e9e par la direction des ressources humaines (DRH) du Secr\u00e9tariat d&rsquo;Etat charg\u00e9 de la Modernisation de l&rsquo;administration, avec l&rsquo;appui technique du Centre national de transfusion sanguine (CNTS), cette op\u00e9ration a permis de collecter [&hellip;]<\/p>\n","protected":false},"author":1965,"featured_media":0,"comment_status":"closed","ping_status":"closed","sticky":false,"template":"","format":"standard","meta":{"fifu_image_url":"https:\/\/www.journalducameroun.com\/wp-content\/uploads\/2021\/10\/16354450828630.jpg","fifu_image_alt":"Sant\u00e9: op\u00e9ration de collecte de sang \u00e0 Abidjan","footnotes":""},"categories":[73,82],"tags":[],"class_list":["post-131306","post","type-post","status-publish","format-standard","hentry","category-actualite","category-cameroun"],"_links":{"self":[{"href":"https:\/\/linitiative.ca\/International\/wp-json\/wp\/v2\/posts\/131306","targetHints":{"allow":["GET"]}}],"collection":[{"href":"https:\/\/linitiative.ca\/International\/wp-json\/wp\/v2\/posts"}],"about":[{"href":"https:\/\/linitiative.ca\/International\/wp-json\/wp\/v2\/types\/post"}],"author":[{"embeddable":true,"href":"https:\/\/linitiative.ca\/International\/wp-json\/wp\/v2\/users\/1965"}],"replies":[{"embeddable":true,"href":"https:\/\/linitiative.ca\/International\/wp-json\/wp\/v2\/comments?post=131306"}],"version-history":[{"count":0,"href":"https:\/\/linitiative.ca\/International\/wp-json\/wp\/v2\/posts\/131306\/revisions"}],"wp:attachment":[{"href":"https:\/\/linitiative.ca\/International\/wp-json\/wp\/v2\/media?parent=131306"}],"wp:term":[{"taxonomy":"category","embeddable":true,"href":"https:\/\/linitiative.ca\/International\/wp-json\/wp\/v2\/categories?post=131306"},{"taxonomy":"post_tag","embeddable":true,"href":"https:\/\/linitiative.ca\/International\/wp-json\/wp\/v2\/tags?post=131306"}],"curies":[{"name":"wp","href":"https:\/\/api.w.org\/{rel}","templated":true}]}}