{"id":131308,"date":"2021-10-28T16:18:01","date_gmt":"2021-10-28T20:18:01","guid":{"rendered":"https:\/\/linitiative.ca\/International\/la-colombie-decide-detendre-sa-juridiction-consulaire-sur-tout-le-territoire-marocain-incluant-le-sahara\/"},"modified":"2021-10-28T16:18:01","modified_gmt":"2021-10-28T20:18:01","slug":"la-colombie-decide-detendre-sa-juridiction-consulaire-sur-tout-le-territoire-marocain-incluant-le-sahara","status":"publish","type":"post","link":"https:\/\/linitiative.ca\/International\/la-colombie-decide-detendre-sa-juridiction-consulaire-sur-tout-le-territoire-marocain-incluant-le-sahara\/","title":{"rendered":"La Colombie d\u00e9cide d\u2019\u00e9tendre sa juridiction consulaire sur tout le territoire marocain, incluant le Sahara"},"content":{"rendered":"<div>\n<p><img loading=\"lazy\" decoding=\"async\" width=\"1599\" height=\"1066\" src=\"https:\/\/linitiative.ca\/International\/wp-content\/uploads\/sites\/23\/2021\/10\/16354522823843.jpg\" class=\"attachment-post-thumbnail size-post-thumbnail wp-post-image\" alt=\"\" srcset=\"https:\/\/linitiative.ca\/International\/wp-content\/uploads\/sites\/23\/2021\/10\/16354522823843.jpg 1599w, https:\/\/www.journalducameroun.com\/wp-content\/uploads\/2021\/10\/16354522823843-300x200.jpg 300w, https:\/\/www.journalducameroun.com\/wp-content\/uploads\/2021\/10\/16354522823843-768x512.jpg 768w, https:\/\/www.journalducameroun.com\/wp-content\/uploads\/2021\/10\/16354522823843-1024x683.jpg 1024w, https:\/\/www.journalducameroun.com\/wp-content\/uploads\/2021\/10\/16354522823843-660x440.jpg 660w, https:\/\/www.journalducameroun.com\/wp-content\/uploads\/2021\/10\/16354522823843-600x400.jpg 600w\" sizes=\"auto, (max-width: 1599px) 100vw, 1599px\"><\/p>\n<p>La Colombie d\u00e9cide d&rsquo;\u00e9tendre sa juridiction consulaire sur tout le territoire marocain, incluant le Sahara. C&rsquo;est ce qu&rsquo;a annonc\u00e9 la Vice-Pr\u00e9sidente et ministre colombienne des Relations Ext\u00e9rieures, Mme Marta Lucia Ram\u00edrez lors d&rsquo;un point de presse conjoint tenue, jeudi \u00e0 Rabat, avec son homologue marocain, Nasser Bourita.La Colombie d\u00e9cide d&rsquo;\u00e9tendre sa juridiction consulaire sur tout le territoire marocain, incluant le Sahara<\/p>\n<p>La Colombie d\u00e9cide d&rsquo;\u00e9tendre sa juridiction consulaire sur tout le territoire marocain, incluant le Sahara. C&rsquo;est ce qu&rsquo;a annonc\u00e9 la Vice-Pr\u00e9sidente et ministre colombienne des Relations Ext\u00e9rieures, Mme Marta Lucia Ram\u00edrez lors d&rsquo;un point de presse conjoint tenue, jeudi \u00e0 Rabat, avec son homologue marocain, Nasser Bourita.<\/p>\n<p>Selon une d\u00e9claration conjointe publi\u00e9e \u00e0 l&rsquo;issue de leurs entretiens, la responsable colombienne a soulign\u00e9, tel qu&rsquo;il a \u00e9t\u00e9 reconnu dans diff\u00e9rentes r\u00e9solutions du Conseil de S\u00e9curit\u00e9 de l&rsquo;ONU, les efforts s\u00e9rieux d\u00e9ploy\u00e9s par le Maroc dans la recherche d&rsquo;une solution politique, pragmatique, r\u00e9aliste et durable \u00e0 ce diff\u00e9rend, dans le cadre du processus politique men\u00e9 sous les auspices exclusifs de l&rsquo;ONU.<\/p>\n<p>Dans ce sens, la vice-pr\u00e9sidente et ministre colombienne des Relations Ext\u00e9rieures a soulign\u00e9 l&rsquo;importance de l&rsquo;Initiative Marocaine pour la r\u00e9gion du Sahara pr\u00e9sent\u00e9e par le Maroc en 2007, en vue de parvenir \u00e0 une solution politique, r\u00e9aliste, durable et bas\u00e9e sur le compromis de toutes les parties, pour mettre fin \u00e0 cette question, qui est vitale pour le Maroc, dans le cadre de sa souverainet\u00e9 et de son int\u00e9grit\u00e9 territoriale.<\/p>\n<p>Compte tenu de l&rsquo;impact du ph\u00e9nom\u00e8ne migratoire, les deux ministres, lit-on dans la d\u00e9claration conjointe, ont convenu que ce ph\u00e9nom\u00e8ne repr\u00e9sente un v\u00e9ritable d\u00e9fi pour la communaut\u00e9 internationale.<\/p>\n<p>Dans le domaine de la coop\u00e9ration culturelle et \u00e9ducative, les deux parties ont convenu de la pertinence de continuer \u00e0 les promouvoir et de les \u00e9largir \u00e0 divers secteurs d&rsquo;int\u00e9r\u00eat commun, \u00e0 travers des activit\u00e9s acad\u00e9miques et des \u00e9changes entre les institutions universitaires des deux pays.<\/p>\n<p>Les deux ministres ont \u00e9galement d\u00e9cid\u00e9 de lancer, tr\u00e8s prochainement, deux programmes int\u00e9gr\u00e9s dans le domaine de l&rsquo;agriculture (syst\u00e8mes d&rsquo;irrigation, cartographie des sols, fertilisants, etc.) dans deux r\u00e9gions de la Colombie qui seront identifi\u00e9es dans les c\u00f4tes Atlantique et Pacifique.<\/p>\n<p>Cet article <a rel=\"nofollow\" href=\"https:\/\/www.journalducameroun.com\/la-colombie-decide-detendre-sa-juridiction-consulaire-sur-tout-le-territoire-marocain-incluant-le-sahara\/\">La Colombie d\u00e9cide d\u2019\u00e9tendre sa juridiction consulaire sur tout le territoire marocain, incluant le Sahara<\/a> est apparu en premier sur <a rel=\"nofollow\" href=\"https:\/\/www.journalducameroun.com\/\">Journal du Cameroun<\/a>.<\/p>\n<\/div>\n<p>Auteur: APA News<br \/>\n<a href=\"https:\/\/www.journalducameroun.com\/la-colombie-decide-detendre-sa-juridiction-consulaire-sur-tout-le-territoire-marocain-incluant-le-sahara\/\">Cliquez ici pour lire l&rsquo;article depuis sa source.<\/a><\/p>\n","protected":false},"excerpt":{"rendered":"<p>La Colombie d\u00e9cide d&rsquo;\u00e9tendre sa juridiction consulaire sur tout le territoire marocain, incluant le Sahara. C&rsquo;est ce qu&rsquo;a annonc\u00e9 la Vice-Pr\u00e9sidente et ministre colombienne des Relations Ext\u00e9rieures, Mme Marta Lucia Ram\u00edrez lors d&rsquo;un point de presse conjoint tenue, jeudi \u00e0 Rabat, avec son homologue marocain, Nasser Bourita.La Colombie d\u00e9cide d&rsquo;\u00e9tendre sa juridiction consulaire sur tout [&hellip;]<\/p>\n","protected":false},"author":1965,"featured_media":0,"comment_status":"closed","ping_status":"closed","sticky":false,"template":"","format":"standard","meta":{"fifu_image_url":"https:\/\/www.journalducameroun.com\/wp-content\/uploads\/2021\/10\/16354522823843.jpg","fifu_image_alt":"La Colombie d\u00e9cide d\u2019\u00e9tendre sa juridiction consulaire sur tout le territoire marocain, incluant le Sahara","footnotes":""},"categories":[73,82],"tags":[],"class_list":["post-131308","post","type-post","status-publish","format-standard","hentry","category-actualite","category-cameroun"],"_links":{"self":[{"href":"https:\/\/linitiative.ca\/International\/wp-json\/wp\/v2\/posts\/131308","targetHints":{"allow":["GET"]}}],"collection":[{"href":"https:\/\/linitiative.ca\/International\/wp-json\/wp\/v2\/posts"}],"about":[{"href":"https:\/\/linitiative.ca\/International\/wp-json\/wp\/v2\/types\/post"}],"author":[{"embeddable":true,"href":"https:\/\/linitiative.ca\/International\/wp-json\/wp\/v2\/users\/1965"}],"replies":[{"embeddable":true,"href":"https:\/\/linitiative.ca\/International\/wp-json\/wp\/v2\/comments?post=131308"}],"version-history":[{"count":0,"href":"https:\/\/linitiative.ca\/International\/wp-json\/wp\/v2\/posts\/131308\/revisions"}],"wp:attachment":[{"href":"https:\/\/linitiative.ca\/International\/wp-json\/wp\/v2\/media?parent=131308"}],"wp:term":[{"taxonomy":"category","embeddable":true,"href":"https:\/\/linitiative.ca\/International\/wp-json\/wp\/v2\/categories?post=131308"},{"taxonomy":"post_tag","embeddable":true,"href":"https:\/\/linitiative.ca\/International\/wp-json\/wp\/v2\/tags?post=131308"}],"curies":[{"name":"wp","href":"https:\/\/api.w.org\/{rel}","templated":true}]}}