{"id":131310,"date":"2021-10-28T12:40:58","date_gmt":"2021-10-28T16:40:58","guid":{"rendered":"https:\/\/linitiative.ca\/International\/sg-cameroun-accueille-le-ruinart-festivart-2021\/"},"modified":"2021-10-28T12:40:58","modified_gmt":"2021-10-28T16:40:58","slug":"sg-cameroun-accueille-le-ruinart-festivart-2021","status":"publish","type":"post","link":"https:\/\/linitiative.ca\/International\/sg-cameroun-accueille-le-ruinart-festivart-2021\/","title":{"rendered":"SG Cameroun accueille le Ruinart Festiv\u2019Art 2021"},"content":{"rendered":"<div>\n<p>Le temps d\u2019un mois, la Direction G\u00e9n\u00e9rale de la Soci\u00e9t\u00e9 G\u00e9n\u00e9rale Cameroun sera \u00e0 l\u2019image d\u2019une galerie artistique. Ses locaux, sis \u00e0 l\u2019immeuble Joss de Bonanjo \u00e0 Douala, abritent un segment de la deuxi\u00e8me \u00e9dition du Ruinart Festiv\u2019Art 2021\u00a0; une initiative de la maison Ruinart Cameroun dont l\u2019objectif principal est de valoriser l\u2019art contemporain. Cette ann\u00e9e, Soci\u00e9t\u00e9 G\u00e9n\u00e9rale Cameroun s\u2019est une fois de plus associ\u00e9e \u00e0 la Maison Ruinart Cameroun et la Galerie MAM pour le vernissage et l\u2019exposition de quelques \u0153uvres d\u2019art\u00a0: \u00ab\u00a0Il s\u2019agit pour nous d\u2019apporter notre soutien mat\u00e9riel et financier aux initiatives dans le domaine de l\u2019art, de soutenir les expositions des artistes, d\u2019accompagner les \u00e9coles d\u2019arts, les programmes de recherches d\u2019art et d\u2019\u00e9ducation culturelle dans le cadre de notre responsabilit\u00e9 sociale. C\u2019est par ailleurs, l\u2019expression directe des valeurs du Groupe\u00a0\u00a0Soci\u00e9t\u00e9 G\u00e9n\u00e9rale\u00bb, s\u2019est exprim\u00e9\u00a0<strong><a href=\"https:\/\/ecomatin.net\/qui-estt-nicolas-pichou-nouveau-dg-de-societe-generale-cameroun\/\">Nicolas Pichou, Directeur G\u00e9n\u00e9ral de Soci\u00e9t\u00e9 G\u00e9n\u00e9rale Cameroun<\/a><\/strong>, lors de la c\u00e9r\u00e9monie de lancement du vernissage.<\/p>\n<p><strong>Lire aussi<\/strong> : <strong><a href=\"https:\/\/ecomatin.net\/qui-estt-nicolas-pichou-nouveau-dg-de-societe-generale-cameroun\/\">Qui est Nicolas Pichou, nouveau Dg de Soci\u00e9t\u00e9 G\u00e9n\u00e9rale Cameroun ?<\/a><\/strong><\/p>\n<p>Les \u0153uvres de huit artistes ont d\u00e9sormais pignon pendant une trentaine de jours \u00e0 Soci\u00e9t\u00e9 G\u00e9n\u00e9rale Cameroun, transform\u00e9e pour l\u2019occasion en galerie \u00e9ph\u00e9m\u00e8re. Il s\u2019agit de Claudie Poinsard, Patrick Jo\u00ebl Tatcheda Yondeu, Anna Mapoubi, Fred \u00c9bami, William Adjete Wilson, Aur\u00e9lie Djiena, Ngimbi Luve et Alain Ngann. \u00ab Soci\u00e9t\u00e9 G\u00e9n\u00e9rale Cameroun n\u2019a pas failli \u00e0 sa mission sociale de soutien \u00e0 la cr\u00e9ation en nous ouvrant leurs portes. Nous sommes heureux de collaborer avec cette institution. Le casting s\u2019est fait suivant les crit\u00e8res d\u00e9finis par la galerie MAM, qui existe depuis 25 ans\u00bb, a r\u00e9agi Jo\u00ebl Mpah Dooh, Directeur de la Galerie MAM. Le hall principal de la banque affiche les \u0153uvres de Patrick Jo\u00ebl Tatcheda Yondeu dont les masques cachent l\u2019\u00e9nigme des m\u00e9moires, d\u2019Anna Mapoubi qui assemble habilement dans ses \u0153uvres, les techniques de pliages et de tissage, de Fred Bami, f\u00e9ru du pop\u2019art conventionnel, de William Adjete Wilson, grand transformateur du textile en \u0153uvre artistique, ou d\u2019Aur\u00e9lie Djiena, dont les toiles ressortent des lamelles de couleurs primaires et compl\u00e9mentaires.<\/p>\n<p><strong>Arts nouveaux<\/strong><\/p>\n<p>Les \u0153uvres lin\u00e9aires et anamorphiques du congolais Ngimbi Luve \u00e9merveilleront certainement les mordus de l\u2019art spirituel, alors qu\u2019Alain Ngann pr\u00e9sente gr\u00e2ce \u00e0 sa production artistique \u00abjust a color\u00bb, qui ajoute \u00e0 la vie, un brin de sensibilit\u00e9. Que dire de Claudie Poinsard, dont les peintures mettent en valeur des personnages erratiques, solidaires et muets. \u00ab Nous avons d\u00e9cid\u00e9 de renouveler notre participation pour cette deuxi\u00e8me \u00e9dition du Ruinart Festiv\u2019Art parce que la premi\u00e8re \u00e9dition a \u00e9t\u00e9 un franc succ\u00e8s, mais aussi pour marquer d\u2019une pierre ind\u00e9l\u00e9bile, l\u2019investissement de notre institution dans le soutien \u00e0 l\u2019art contemporain. Le Groupe Soci\u00e9t\u00e9 G\u00e9n\u00e9rale a cr\u00e9\u00e9 une fondation qui depuis une quinzaine d\u2019ann\u00e9es soutient la cr\u00e9ation de tout ce qu\u2019elle a comme expression contemporaine qu\u2019il\u00a0\u00a0s\u2019agisse de la musique ou des arts visuels \u00bb, a justifi\u00e9 Blaise Etoa, le Directeur marketing et communication de SG Cameroun. Le Ruinart Festiv\u2019Art a pour objectif d\u2019ouvrir la sc\u00e8ne de l\u2019art \u00e0 de nouveaux publics, notamment en exposant des \u0153uvres d\u2019art de qualit\u00e9 hors de leur milieu habituel. Hormis le hall SG Cameroun, la Galerie MAM et l\u2019espace Doual\u2019Art, les artistes de l\u2019\u00e9dition de 2021 exposeront \u00e9galement leurs \u0153uvres \u00e0 l\u2019Institut Fran\u00e7ais du Cameroun, au CIPCA, \u00e0 la r\u00e9sidence de l\u2019Ambassadeur de France au Cameroun, au Centre de cr\u00e9ateurs de mode du Cameroun, et \u00e0 la Fabrique de Souza.<\/p>\n<p><strong>Lire aussi <\/strong>: <strong><a href=\"https:\/\/ecomatin.net\/rse-societe-generale-cameroun-offre-3-millions-de-f-a-deux-groupements-de-jeuness\/\">RSE : Soci\u00e9t\u00e9 G\u00e9n\u00e9rale Cameroun offre 3 millions de F dans le cadre de son Charity Challenge 2021<\/a><\/strong><\/p>\n<p>Notons la pr\u00e9sence \u00e0 la c\u00e9r\u00e9monie de vernissage de la deuxi\u00e8me \u00e9dition du Ruinart Festiv\u2019Art de Laurent Goutard, le Directeur des r\u00e9seaux bancaires internationaux, R\u00e9gion Afrique, Bassin m\u00e9diterran\u00e9en et Outre-mer du Groupe Soci\u00e9t\u00e9 G\u00e9n\u00e9rale en s\u00e9jour au Cameroun, et de Pascal Eyssette, Manager Central Africa, le repr\u00e9sentant de Ruinart au Cameroun. Plusieurs actions en faveur de la promotion de l\u2019art traditionnel et contemporain caract\u00e9risant SG Cameroun s\u2019illustrent depuis 2014: accompagnement du Festival National des Arts et de la Culture (FENAC) en 2016 et 2017, Bandjoun Station en 2018, 2\u00e8me \u00e9dition du Douala Art Fair en 2019, parrainage de 3 artistes \u00e0 travers Doual\u2019Art en 2020, ou l\u2019acquisition la m\u00eame ann\u00e9e de 17 tableaux de plusieurs artistes locaux, et l\u2019exposition en 2021, des \u0153uvres dans les Espaces Premiers de SG Cameroun.<\/p>\n<p><strong>\u00abSG Cameroun a constitu\u00e9 un fonds de collection\u2026\u00bb<\/strong><\/p>\n<div class=\"wp-block-image\">\n<figure class=\"alignleft size-full is-resized\"><img loading=\"lazy\" decoding=\"async\" src=\"https:\/\/linitiative.ca\/International\/wp-content\/uploads\/sites\/23\/2021\/10\/DSC_05652.jpg\" alt=\"\" class=\"wp-image-32272\" width=\"216\" height=\"190\" srcset=\"https:\/\/linitiative.ca\/International\/wp-content\/uploads\/sites\/23\/2021\/10\/DSC_05652.jpg 446w, https:\/\/ecomatin.net\/wp-content\/uploads\/2021\/10\/DSC_05652-300x264.jpg 300w\" sizes=\"auto, (max-width: 216px) 100vw, 216px\"><\/figure>\n<\/div>\n<p class=\"has-text-align-center\"><strong>Blaise Etoa, Directeur marketing et communication de SG Cameroun<\/strong><\/p>\n<p>SG Cameroun a structur\u00e9 sa d\u00e9marche artistique \u00e0 l\u2019image de ce que fait le Groupe, mais \u00e9galement de ce que r\u00e9alise les filiales s\u0153urs comme celles du Maroc ou de la C\u00f4te d\u2019Ivoire. Nous avons constitu\u00e9 un fonds de collection qui dispose d\u2019une vingtaine d\u2019\u0153uvres. Et pour l\u2019ann\u00e9e 2021, nous allons en acqu\u00e9rir une dizaine afin de soutenir les artistes camerounais. Ce soutien leur permet de continuer \u00e0 cr\u00e9er, et pour SG Cameroun, d\u2019introduire ces \u0153uvres dans notre r\u00e9seau d\u2019agences, ainsi que dans les espaces de travail. L\u2019initiative met en contact le fait cr\u00e9atif, aux clients et aux collaborateurs de la banque. Nous soutenons les \u00e9v\u00e8nements culturels en partenariat avec l\u2019Institut Fran\u00e7ais du Cameroun et la Galerie MAM et l\u2019espace Doual\u2019Art. Cela nous donne un profil d\u2019institution citoyenne parce que nous sommes une banque, nous accompagnons nos clients dans leurs projets de vie, nous sommes \u00e9galement un partenaire qui permet aux clients de vivre leur passion \u00e0 travers l\u2019art.<\/p>\n<p>L\u2019article <a rel=\"nofollow\" href=\"https:\/\/ecomatin.net\/sg-cameroun-accueille-lle-ruinart-festivart-2021\/\">SG Cameroun accueille le Ruinart Festiv\u2019Art 2021<\/a> est apparu en premier sur <a rel=\"nofollow\" href=\"https:\/\/ecomatin.net\/\">EcoMatin<\/a>.<\/p>\n<\/div>\n<p>Auteur: Georges Semey<br \/>\n<a href=\"https:\/\/ecomatin.net\/sg-cameroun-accueille-lle-ruinart-festivart-2021\/\">Cliquez ici pour lire l&rsquo;article depuis sa source.<\/a><\/p>\n","protected":false},"excerpt":{"rendered":"<p>Le temps d\u2019un mois, la Direction G\u00e9n\u00e9rale de la Soci\u00e9t\u00e9 G\u00e9n\u00e9rale Cameroun sera \u00e0 l\u2019image d\u2019une galerie artistique. Ses locaux, sis \u00e0 l\u2019immeuble Joss de Bonanjo \u00e0 Douala, abritent un segment de la deuxi\u00e8me \u00e9dition du Ruinart Festiv\u2019Art 2021\u00a0; une initiative de la maison Ruinart Cameroun dont l\u2019objectif principal est de valoriser l\u2019art contemporain. Cette [&hellip;]<\/p>\n","protected":false},"author":1969,"featured_media":0,"comment_status":"closed","ping_status":"closed","sticky":false,"template":"","format":"standard","meta":{"fifu_image_url":"https:\/\/ecomatin.net\/wp-content\/uploads\/2021\/10\/DSC_05652.jpg","fifu_image_alt":"SG Cameroun accueille le Ruinart Festiv\u2019Art 2021","footnotes":""},"categories":[82,78],"tags":[],"class_list":["post-131310","post","type-post","status-publish","format-standard","hentry","category-cameroun","category-economie"],"_links":{"self":[{"href":"https:\/\/linitiative.ca\/International\/wp-json\/wp\/v2\/posts\/131310","targetHints":{"allow":["GET"]}}],"collection":[{"href":"https:\/\/linitiative.ca\/International\/wp-json\/wp\/v2\/posts"}],"about":[{"href":"https:\/\/linitiative.ca\/International\/wp-json\/wp\/v2\/types\/post"}],"author":[{"embeddable":true,"href":"https:\/\/linitiative.ca\/International\/wp-json\/wp\/v2\/users\/1969"}],"replies":[{"embeddable":true,"href":"https:\/\/linitiative.ca\/International\/wp-json\/wp\/v2\/comments?post=131310"}],"version-history":[{"count":0,"href":"https:\/\/linitiative.ca\/International\/wp-json\/wp\/v2\/posts\/131310\/revisions"}],"wp:attachment":[{"href":"https:\/\/linitiative.ca\/International\/wp-json\/wp\/v2\/media?parent=131310"}],"wp:term":[{"taxonomy":"category","embeddable":true,"href":"https:\/\/linitiative.ca\/International\/wp-json\/wp\/v2\/categories?post=131310"},{"taxonomy":"post_tag","embeddable":true,"href":"https:\/\/linitiative.ca\/International\/wp-json\/wp\/v2\/tags?post=131310"}],"curies":[{"name":"wp","href":"https:\/\/api.w.org\/{rel}","templated":true}]}}