{"id":131323,"date":"2021-10-28T14:10:00","date_gmt":"2021-10-28T18:10:00","guid":{"rendered":"https:\/\/linitiative.ca\/International\/lissue-salvatrice-du-tourisme\/"},"modified":"2021-10-28T14:10:00","modified_gmt":"2021-10-28T18:10:00","slug":"lissue-salvatrice-du-tourisme","status":"publish","type":"post","link":"https:\/\/linitiative.ca\/International\/lissue-salvatrice-du-tourisme\/","title":{"rendered":"L\u2019issue salvatrice du tourisme"},"content":{"rendered":"<div>\n<p class=\"has-black-color has-text-color\"><strong>L\u2019industrie du tourisme peine toujours \u00e0 des cadences d\u00e9sastreuses. Pire encore, la saison hivernale qui constitue la cl\u00e9 de vo\u00fbte du domaine notamment en terme de baln\u00e9aire semble broyer du pain noir. Plus de 80% des entreprises h\u00f4teli\u00e8res \u00e0 travers le royaume sont verrouill\u00e9es \u00e0 ce jour, pour cause d\u2019impact pand\u00e9mique, le reste vivote sans parvenir nullement \u00e0 se relever de la crise accablante. Faut-il rappeler que le secteur est \u00e0 11% du PIB, g\u00e9n\u00e9rant plus de 1,5 d\u2019emplois directs et\u00a0 pas moins de 20% des exportations? Est-il logique qu\u2019une \u00e9conomie strat\u00e9gique\u00a0 de cette ampleur, tel que le tourisme ne soit pas parrain\u00e9 de mani\u00e8re nodale, en mati\u00e8re de focalisation vitale et p\u00e9renne aussi bien en amont qu\u2019en aval? Ce volet n\u00e9vralgique est constamment consid\u00e9r\u00e9 comme le parent pauvre de l\u2019\u00e9conomie nationale, de par les programmes vou\u00e9s \u00e0 l\u2019\u00e9chec et le traitement approximatif \u00e0 mettre en d\u00e9route la profession, toutes branches confondues.<\/strong><\/p>\n<p class=\"has-black-color has-text-color\"><strong>L\u2019instauration des mesures restrictives, depuis maintenant plus de vingt mois d\u2019affil\u00e9e, a crucifi\u00e9 le secteur, d\u00e9j\u00e0 mis \u00e0 mal par la d\u00e9bandade chronique qui l\u2019aurait lamentablement\u00a0\u00a0 accompagn\u00e9, des d\u00e9cennies durant. Des professionnels ont certes, b\u00e9n\u00e9fici\u00e9 des indemnisations jug\u00e9es modiques pour la plupart, mais arbitrairement arr\u00eat\u00e9es en juin dernier. Les divers all\u00e8gements tout au cours de cette p\u00e9riode, se sont av\u00e8res inappropri\u00e9s par leur aspect draconien \u00e0 mort et, d\u2019autre part, par la vuln\u00e9rabilit\u00e9 et la susceptibilit\u00e9 du produit.Il va sans dire que l\u2019ach\u00e8vement \u00e0 petits feux d\u2019un secteur focal, \u00e9rig\u00e9 en socle primordial \u00e0 plus d\u2019un titre, est une erreur gravissime qui produirait l\u2019asphyxie certaine pour de larges couches de la soci\u00e9t\u00e9 et irait \u00e0 l\u2019encontre de l\u2019image des valeurs de la tol\u00e9rance et de l\u2019acception universelles qu\u2019on voudrait faire v\u00e9hiculer, \u00e0 travers des slogans promotionnels.<\/strong><\/p>\n<p class=\"has-black-color has-text-color\"><strong>Le plus amer dans l\u2019histoire, c\u2019est qu\u2019\u00e0 pr\u00e9sent, on ne donne aucun signe de redressement de fond pouvant mettre de l\u2019espoir dans les veines d\u2019un secteur en d\u00e9sarroi, par les d\u00e9cisions h\u00e2tives et compromettantes, \u00e0 tel point que les op\u00e9rateurs n\u2019ont plus confiance en les d\u00e9cideurs, \u00e0 l\u2019\u00e9chelle de l\u2019Ex\u00e9cutif et le d\u00e9partement de tutelle. A cet effet, l\u2019ajournement\u00a0 de l\u2019assembl\u00e9e g\u00e9n\u00e9rale de la Conf\u00e9d\u00e9ration Nationale du Tourisme est de nature \u00e0 reporter \u00e0 plus tard, le d\u00e9bat sur la probl\u00e9matique touristique, au lendemain de la mise en marche du gouvernement dont le projet de loi de finances vient d\u2019\u00eatre soumis \u00e0 l\u2019appr\u00e9ciation des d\u00e9put\u00e9s \u00e0 l\u2019h\u00e9micycle et, par la suite, \u00e0 la seconde chambre. Il est \u00e9vident que la relance du secteur est tributaire de l\u2019efficience de tous ces responsables pour mettre sur point les strat\u00e9gies \u00e0 suivre, en coordination fort \u00e9troite de tous les professionnels des r\u00e9gions qui agissent sur le terrain, car on ne peut surseoir un plan d\u2019action sans ces derniers. Cependant, \u00e0 l\u2019instar des grandes d\u00e9marches r\u00e9volutionnaires de notre pays, l\u2019intervention d\u00e9terminante du Souverain pour ENFIN se d\u00e9bourber \u00a0des orni\u00e8res\u00a0!<\/strong><\/p>\n<p>L\u2019article <a rel=\"nofollow\" href=\"http:\/\/albayane.press.ma\/lissue-salvatrice-du-tourisme.html\">L\u2019issue salvatrice du tourisme<\/a> est apparu en premier sur <a rel=\"nofollow\" href=\"http:\/\/albayane.press.ma\/\">ALBAYANE<\/a>.<\/p>\n<\/div>\n<p>Auteur: M&rsquo;hammed rahal<br \/>\n<a href=\"http:\/\/albayane.press.ma\/lissue-salvatrice-du-tourisme.html\">Cliquez ici pour lire l&rsquo;article depuis sa source.<\/a><\/p>\n","protected":false},"excerpt":{"rendered":"<p>L\u2019industrie du tourisme peine toujours \u00e0 des cadences d\u00e9sastreuses. Pire encore, la saison hivernale qui constitue la cl\u00e9 de vo\u00fbte du domaine notamment en terme de baln\u00e9aire semble broyer du pain noir. Plus de 80% des entreprises h\u00f4teli\u00e8res \u00e0 travers le royaume sont verrouill\u00e9es \u00e0 ce jour, pour cause d\u2019impact pand\u00e9mique, le reste vivote sans [&hellip;]<\/p>\n","protected":false},"author":1760,"featured_media":0,"comment_status":"closed","ping_status":"closed","sticky":false,"template":"","format":"standard","meta":{"fifu_image_url":"","fifu_image_alt":"","footnotes":""},"categories":[73,54],"tags":[],"class_list":["post-131323","post","type-post","status-publish","format-standard","hentry","category-actualite","category-maroc"],"_links":{"self":[{"href":"https:\/\/linitiative.ca\/International\/wp-json\/wp\/v2\/posts\/131323","targetHints":{"allow":["GET"]}}],"collection":[{"href":"https:\/\/linitiative.ca\/International\/wp-json\/wp\/v2\/posts"}],"about":[{"href":"https:\/\/linitiative.ca\/International\/wp-json\/wp\/v2\/types\/post"}],"author":[{"embeddable":true,"href":"https:\/\/linitiative.ca\/International\/wp-json\/wp\/v2\/users\/1760"}],"replies":[{"embeddable":true,"href":"https:\/\/linitiative.ca\/International\/wp-json\/wp\/v2\/comments?post=131323"}],"version-history":[{"count":0,"href":"https:\/\/linitiative.ca\/International\/wp-json\/wp\/v2\/posts\/131323\/revisions"}],"wp:attachment":[{"href":"https:\/\/linitiative.ca\/International\/wp-json\/wp\/v2\/media?parent=131323"}],"wp:term":[{"taxonomy":"category","embeddable":true,"href":"https:\/\/linitiative.ca\/International\/wp-json\/wp\/v2\/categories?post=131323"},{"taxonomy":"post_tag","embeddable":true,"href":"https:\/\/linitiative.ca\/International\/wp-json\/wp\/v2\/tags?post=131323"}],"curies":[{"name":"wp","href":"https:\/\/api.w.org\/{rel}","templated":true}]}}