{"id":131328,"date":"2021-10-29T05:49:29","date_gmt":"2021-10-29T09:49:29","guid":{"rendered":"https:\/\/linitiative.ca\/International\/marrakech-safi-rencontre-sur-les-enjeux-du-developpement\/"},"modified":"2021-10-29T05:49:29","modified_gmt":"2021-10-29T09:49:29","slug":"marrakech-safi-rencontre-sur-les-enjeux-du-developpement","status":"publish","type":"post","link":"https:\/\/linitiative.ca\/International\/marrakech-safi-rencontre-sur-les-enjeux-du-developpement\/","title":{"rendered":"Marrakech-Safi: Rencontre sur les enjeux du d\u00e9veloppement"},"content":{"rendered":"<div>\n<div style=\"margin-bottom:20px;\"><img loading=\"lazy\" decoding=\"async\" width=\"750\" height=\"430\" src=\"https:\/\/linitiative.ca\/International\/wp-content\/uploads\/sites\/23\/2021\/10\/ramadan-confinement-RAK-copier-copier.jpg\" class=\"attachment-post-thumbnail size-post-thumbnail wp-post-image\" alt=\"\" srcset=\"https:\/\/linitiative.ca\/International\/wp-content\/uploads\/sites\/23\/2021\/10\/ramadan-confinement-RAK-copier-copier.jpg 750w, http:\/\/www.mapmarrakech.ma\/map\/uploads\/2021\/09\/ramadan-confinement-RAK-copier-copier-300x172.jpg 300w\" sizes=\"auto, (max-width: 750px) 100vw, 750px\"><\/div>\n<p>Dans le cadre des rencontres de communication avec les bureaux des conseils des communes territoriales r\u00e9cemment \u00e9lus, le wali de la r\u00e9gion Marrakech-Safi, gouverneur de la pr\u00e9fecture de Marrakech, M. Karim Kassi-Lahlou, a ainsi re\u00e7u les membres des bureaux des conseils des communes de \u00ab\u00a0Tasseltant\u00a0\u00bb, \u00ab\u00a0Sa\u00e2da\u00a0\u00bb, \u00ab\u00a0Harbil\u00a0\u00bb, \u00ab\u00a0Ouahat Sidi Brahim\u00a0\u00bb, \u00ab\u00a0El Ouidane\u00a0\u00bb et \u00ab\u00a0Agafay\u00a0\u00bb, selon les autorit\u00e9s locales.<\/p>\n<p>Lors de cette rencontre, M. Kassi-Lahlou a mis l\u2019accent sur les enjeux qu\u2019aussi bien les autorit\u00e9s que les \u00e9lus sont appel\u00e9s \u00e0 y faire face, dans l\u2019optique de r\u00e9aliser le d\u00e9veloppement durable escompt\u00e9 au niveau de ces communes.<\/p>\n<p>Par la m\u00eame occasion, le wali de la r\u00e9gion Marrakech- Safi a f\u00e9licit\u00e9 les membres de ces instances \u00e9lues pour la confiance plac\u00e9e en eux suite \u00e0 leur \u00e9lection, tout en soulignant la n\u00e9cessit\u00e9 d\u2019\u0153uvrer pour r\u00e9pondre aux attentes et aux aspirations de la population, conform\u00e9ment aux Hautes Orientations Royales ainsi qu\u2019aux recommandations du rapport g\u00e9n\u00e9ral sur le Nouveau Mod\u00e8le de D\u00e9veloppement (NMD).<\/p>\n<p>Dans ce contexte, M. Kassi-Lahlou a fait part de la disposition de tous les services de la wilaya de Marrakech- Safi, ainsi que des services ext\u00e9rieurs \u00e0 collaborer, coordonner et accompagner les conseils \u00e9lus pour qu\u2019ils s\u2019acquittent de leurs missions dans de meilleures conditions au service de l\u2019int\u00e9r\u00eat g\u00e9n\u00e9ral.<\/p>\n<p>A rappeler que le wali de la r\u00e9gion Marrakech- Safi avait tenu r\u00e9cemment, une rencontre de communication similaire avec les membres des bureaux du Conseil de la r\u00e9gion Marrakech-Safi, du Conseil pr\u00e9fectoral de Marrakech, du Conseil communal de Marrakech, et du Conseil de la commune urbaine M\u00e9chouar El Kasbah et ce, suite \u00e0 la formation de leurs bureaux apr\u00e8s les \u00e9lections g\u00e9n\u00e9rales du 08 septembre dernier.<\/p>\n<p>The post <a rel=\"nofollow\" href=\"http:\/\/www.mapmarrakech.ma\/fr\/marrakech-safi-rencontre-sur-les-enjeux-du-developpement\/\">Marrakech-Safi: Rencontre sur les enjeux du d\u00e9veloppement<\/a> appeared first on <a rel=\"nofollow\" href=\"http:\/\/www.mapmarrakech.ma\/fr\">MapMarrakech<\/a>.<\/p>\n<\/div>\n<p>Auteur: Meriem IGASS<br \/>\n<a href=\"http:\/\/www.mapmarrakech.ma\/fr\/marrakech-safi-rencontre-sur-les-enjeux-du-developpement\/\">Cliquez ici pour lire l&rsquo;article depuis sa source.<\/a><\/p>\n","protected":false},"excerpt":{"rendered":"<p>Dans le cadre des rencontres de communication avec les bureaux des conseils des communes territoriales r\u00e9cemment \u00e9lus, le wali de la r\u00e9gion Marrakech-Safi, gouverneur de la pr\u00e9fecture de Marrakech, M. Karim Kassi-Lahlou, a ainsi re\u00e7u les membres des bureaux des conseils des communes de \u00ab\u00a0Tasseltant\u00a0\u00bb, \u00ab\u00a0Sa\u00e2da\u00a0\u00bb, \u00ab\u00a0Harbil\u00a0\u00bb, \u00ab\u00a0Ouahat Sidi Brahim\u00a0\u00bb, \u00ab\u00a0El Ouidane\u00a0\u00bb et \u00ab\u00a0Agafay\u00a0\u00bb, selon [&hellip;]<\/p>\n","protected":false},"author":1788,"featured_media":0,"comment_status":"closed","ping_status":"closed","sticky":false,"template":"","format":"standard","meta":{"fifu_image_url":"http:\/\/www.mapmarrakech.ma\/map\/uploads\/2021\/09\/ramadan-confinement-RAK-copier-copier.jpg","fifu_image_alt":"Marrakech-Safi: Rencontre sur les enjeux du d\u00e9veloppement","footnotes":""},"categories":[54,76],"tags":[],"class_list":["post-131328","post","type-post","status-publish","format-standard","hentry","category-maroc","category-regions"],"_links":{"self":[{"href":"https:\/\/linitiative.ca\/International\/wp-json\/wp\/v2\/posts\/131328","targetHints":{"allow":["GET"]}}],"collection":[{"href":"https:\/\/linitiative.ca\/International\/wp-json\/wp\/v2\/posts"}],"about":[{"href":"https:\/\/linitiative.ca\/International\/wp-json\/wp\/v2\/types\/post"}],"author":[{"embeddable":true,"href":"https:\/\/linitiative.ca\/International\/wp-json\/wp\/v2\/users\/1788"}],"replies":[{"embeddable":true,"href":"https:\/\/linitiative.ca\/International\/wp-json\/wp\/v2\/comments?post=131328"}],"version-history":[{"count":0,"href":"https:\/\/linitiative.ca\/International\/wp-json\/wp\/v2\/posts\/131328\/revisions"}],"wp:attachment":[{"href":"https:\/\/linitiative.ca\/International\/wp-json\/wp\/v2\/media?parent=131328"}],"wp:term":[{"taxonomy":"category","embeddable":true,"href":"https:\/\/linitiative.ca\/International\/wp-json\/wp\/v2\/categories?post=131328"},{"taxonomy":"post_tag","embeddable":true,"href":"https:\/\/linitiative.ca\/International\/wp-json\/wp\/v2\/tags?post=131328"}],"curies":[{"name":"wp","href":"https:\/\/api.w.org\/{rel}","templated":true}]}}