{"id":131330,"date":"2021-10-29T05:58:33","date_gmt":"2021-10-29T09:58:33","guid":{"rendered":"https:\/\/linitiative.ca\/International\/sensibilisation-sur-le-depistage-precoce-des-cancers-du-sein\/"},"modified":"2021-10-29T05:58:33","modified_gmt":"2021-10-29T09:58:33","slug":"sensibilisation-sur-le-depistage-precoce-des-cancers-du-sein","status":"publish","type":"post","link":"https:\/\/linitiative.ca\/International\/sensibilisation-sur-le-depistage-precoce-des-cancers-du-sein\/","title":{"rendered":"Sensibilisation sur le d\u00e9pistage pr\u00e9coce des cancers du sein"},"content":{"rendered":"<div>\n<div style=\"margin-bottom:20px;\"><img loading=\"lazy\" decoding=\"async\" width=\"750\" height=\"430\" src=\"https:\/\/linitiative.ca\/International\/wp-content\/uploads\/sites\/23\/2021\/10\/safi-ville-copier.jpg\" class=\"attachment-post-thumbnail size-post-thumbnail wp-post-image\" alt=\"\" srcset=\"https:\/\/linitiative.ca\/International\/wp-content\/uploads\/sites\/23\/2021\/10\/safi-ville-copier.jpg 750w, http:\/\/www.mapmarrakech.ma\/map\/uploads\/2021\/10\/safi-ville-copier-300x172.jpg 300w\" sizes=\"auto, (max-width: 750px) 100vw, 750px\"><\/div>\n<p>Organis\u00e9e sous la supervision de la D\u00e9l\u00e9gation provinciale de la sant\u00e9 \u00e0 Safi, cette initiative s\u2019inscrit dans le cadre de la campagne nationale de sensibilisation sur l\u2019importance du d\u00e9pistage et de la d\u00e9tection pr\u00e9coces des cancers du sein et du col de l\u2019ut\u00e9rus lanc\u00e9e par le minist\u00e8re de la Sant\u00e9 et de la protection sociale.<\/p>\n<p>Dans une d\u00e9claration \u00e0 la MAP, la pr\u00e9sidente de l\u2019association, Mme Zoubeida Kouskous, a indiqu\u00e9 que ces deux types de cancer sont les formes de cancer les plus r\u00e9pandus chez la femme au Maroc, relevant que cette campagne a pour objectif principal de sensibiliser les femmes \u00e0 l\u2019importance du d\u00e9pistage pr\u00e9coce en tant que moyen efficace pour gu\u00e9rir.<\/p>\n<p>Cette campagne comprend un volet d\u00e9di\u00e9 \u00e0 la sensibilisation \u00e0 la pr\u00e9vention et un volet relatif au d\u00e9pistage pr\u00e9coce des cancers du sein et du col de l\u2019ut\u00e9rus, a-t-elle expliqu\u00e9, indiquant que les cas suspects sont orient\u00e9s vers l\u2019h\u00f4pital provincial de Safi o\u00f9 ils devront r\u00e9aliser une mammographie, seul moyen de confirmer ou non la maladie.<\/p>\n<p>Dans ce contexte, cette militante associative a fait remarquer que la soci\u00e9t\u00e9 civile a grandement contribu\u00e9 au changement de la perception des Marocains de cette maladie en tant que \u00ab\u00a0fatalit\u00e9\u00a0\u00bb.<\/p>\n<p>\u00ab\u00a0Notre r\u00f4le en tant que soci\u00e9t\u00e9 civile consiste \u00e0 apporter un soutien psychologique aux femmes atteintes de cancer, car il faut savoir que la malade du cancer vit des souffrances quotidiennes, qui commencent d\u00e8s l\u2019annonce et la confirmation de sa maladie, phase durant laquelle la femme atteinte de cancer subit un choc \u00e9motionnelle tr\u00e8s fort\u00a0\u00bb, a-t-elle dit.<\/p>\n<p>Cette militante associative a par ailleurs, mis l\u2019accent sur la n\u00e9cessit\u00e9 de la cr\u00e9ation d\u2019un centre d\u2019oncologie \u00e0 la cit\u00e9 de l\u2019Oc\u00e9an, qui sera de nature \u00e0 all\u00e9ger les souffrances des malades issus de la province de Safi, qui sont oblig\u00e9s de faire le d\u00e9placement au Centre Universitaire Mohammed VI pour suivre leur traitement.<\/p>\n<p>Le minist\u00e8re de la Sant\u00e9 et de la protection sociale organise, du 25 octobre au 25 novembre 2021, une campagne nationale de sensibilisation sur l\u2019importance du d\u00e9pistage et de la d\u00e9tection pr\u00e9coces des cancers du sein et du col de l\u2019ut\u00e9rus, dans le cadre de la mise en \u0153uvre du Plan national de pr\u00e9vention et de contr\u00f4le du cancer 2020-2029.<\/p>\n<p>Cette op\u00e9ration, plac\u00e9e sous le slogan \u00ab\u00a0Le d\u00e9pistage pr\u00e9coce, prot\u00e8ge ta vie et te procure qui\u00e9tude\u00a0\u00bb, a pour objectif de renforcer la sensibilisation \u00e0 l\u2019importance de la pr\u00e9vention et du d\u00e9pistage de ces deux types de cancer et de mettre en lumi\u00e8re les efforts fournis par le minist\u00e8re et ses partenaires, en d\u00e9pit de l\u2019impact de la pand\u00e9mie de la Covid-19.<\/p>\n<p>Il convient de rappeler que les cancers du sein et du col de l\u2019ut\u00e9rus se classent au premier rang des cancers enregistr\u00e9s chez la femme au Maroc, repr\u00e9sentant respectivement 36% et 11.2%, selon les donn\u00e9es du registre du cancer.<\/p>\n<p>The post <a rel=\"nofollow\" href=\"http:\/\/www.mapmarrakech.ma\/fr\/sensibilisation-sur-le-depistage-precoce-des-cancers-du-sein-et-du-col-de-luterus\/\">Sensibilisation sur le d\u00e9pistage pr\u00e9coce des cancers du sein<\/a> appeared first on <a rel=\"nofollow\" href=\"http:\/\/www.mapmarrakech.ma\/fr\">MapMarrakech<\/a>.<\/p>\n<\/div>\n<p>Auteur: Meriem IGASS<br \/>\n<a href=\"http:\/\/www.mapmarrakech.ma\/fr\/sensibilisation-sur-le-depistage-precoce-des-cancers-du-sein-et-du-col-de-luterus\/\">Cliquez ici pour lire l&rsquo;article depuis sa source.<\/a><\/p>\n","protected":false},"excerpt":{"rendered":"<p>Organis\u00e9e sous la supervision de la D\u00e9l\u00e9gation provinciale de la sant\u00e9 \u00e0 Safi, cette initiative s\u2019inscrit dans le cadre de la campagne nationale de sensibilisation sur l\u2019importance du d\u00e9pistage et de la d\u00e9tection pr\u00e9coces des cancers du sein et du col de l\u2019ut\u00e9rus lanc\u00e9e par le minist\u00e8re de la Sant\u00e9 et de la protection sociale. [&hellip;]<\/p>\n","protected":false},"author":1788,"featured_media":0,"comment_status":"closed","ping_status":"closed","sticky":false,"template":"","format":"standard","meta":{"fifu_image_url":"http:\/\/www.mapmarrakech.ma\/map\/uploads\/2021\/10\/safi-ville-copier.jpg","fifu_image_alt":"Sensibilisation sur le d\u00e9pistage pr\u00e9coce des cancers du sein","footnotes":""},"categories":[54,76],"tags":[],"class_list":["post-131330","post","type-post","status-publish","format-standard","hentry","category-maroc","category-regions"],"_links":{"self":[{"href":"https:\/\/linitiative.ca\/International\/wp-json\/wp\/v2\/posts\/131330","targetHints":{"allow":["GET"]}}],"collection":[{"href":"https:\/\/linitiative.ca\/International\/wp-json\/wp\/v2\/posts"}],"about":[{"href":"https:\/\/linitiative.ca\/International\/wp-json\/wp\/v2\/types\/post"}],"author":[{"embeddable":true,"href":"https:\/\/linitiative.ca\/International\/wp-json\/wp\/v2\/users\/1788"}],"replies":[{"embeddable":true,"href":"https:\/\/linitiative.ca\/International\/wp-json\/wp\/v2\/comments?post=131330"}],"version-history":[{"count":0,"href":"https:\/\/linitiative.ca\/International\/wp-json\/wp\/v2\/posts\/131330\/revisions"}],"wp:attachment":[{"href":"https:\/\/linitiative.ca\/International\/wp-json\/wp\/v2\/media?parent=131330"}],"wp:term":[{"taxonomy":"category","embeddable":true,"href":"https:\/\/linitiative.ca\/International\/wp-json\/wp\/v2\/categories?post=131330"},{"taxonomy":"post_tag","embeddable":true,"href":"https:\/\/linitiative.ca\/International\/wp-json\/wp\/v2\/tags?post=131330"}],"curies":[{"name":"wp","href":"https:\/\/api.w.org\/{rel}","templated":true}]}}