{"id":131332,"date":"2021-10-29T06:14:32","date_gmt":"2021-10-29T10:14:32","guid":{"rendered":"https:\/\/linitiative.ca\/International\/rencontre-sur-le-projet-la-rochelle-territoire-a-zero-carbone\/"},"modified":"2021-10-29T06:14:32","modified_gmt":"2021-10-29T10:14:32","slug":"rencontre-sur-le-projet-la-rochelle-territoire-a-zero-carbone","status":"publish","type":"post","link":"https:\/\/linitiative.ca\/International\/rencontre-sur-le-projet-la-rochelle-territoire-a-zero-carbone\/","title":{"rendered":"Rencontre sur le projet \u00ab\u00a0La Rochelle Territoire \u00e0 Z\u00e9ro Carbone\u00a0\u00bb"},"content":{"rendered":"<div>\n<div style=\"margin-bottom:20px;\"><img loading=\"lazy\" decoding=\"async\" width=\"750\" height=\"430\" src=\"https:\/\/linitiative.ca\/International\/wp-content\/uploads\/sites\/23\/2021\/10\/plage_essaouira.jpg\" class=\"attachment-post-thumbnail size-post-thumbnail wp-post-image\" alt=\"\" srcset=\"https:\/\/linitiative.ca\/International\/wp-content\/uploads\/sites\/23\/2021\/10\/plage_essaouira.jpg 750w, http:\/\/www.mapmarrakech.ma\/map\/uploads\/2021\/10\/plage_essaouira-300x172.jpg 300w\" sizes=\"auto, (max-width: 750px) 100vw, 750px\"><\/div>\n<p>Tenue en pr\u00e9sence du pr\u00e9sident du Conseil communal d\u2019Essaouira, M. Tarik Ottmani, cette rencontre, d\u00e9di\u00e9e \u00e0 la pr\u00e9sentation de ce programme ambitieux, lanc\u00e9 il y a quatre ans par La Rochelle, intervient dans le cadre de la volont\u00e9 manifest\u00e9e par les deux parties de donner un nouvel \u00e9lan \u00e0 la convention de jumelage conclue entre les deux villes en 2000.<\/p>\n<p>Dans une d\u00e9claration \u00e0 la MAP \u00e0 cette occasion, M. Michel Sabatier, Conseiller municipal d\u00e9l\u00e9gu\u00e9 aupr\u00e8s du Maire de La Rochelle, a mis en relief l\u2019esprit positif et l\u2019ambition qui animent les deux parties afin de relancer ce jumelage et de le hisser au niveau d\u2019un partenariat d\u2019int\u00e9r\u00eat mutuel, soulignant l\u2019existence d\u2019une panoplie de domaines dans lesquels les deux municipalit\u00e9s peuvent entretenir une coop\u00e9ration bilat\u00e9rale \u00e0 long terme, avec de multiples projets \u00e0 m\u00eame de susciter l\u2019int\u00e9r\u00eat des acteurs locaux de part et d\u2019autre.<\/p>\n<p>Cette rencontre a \u00e9t\u00e9 l\u2019occasion pour la pr\u00e9sentation de \u00ab\u00a0l\u2019un des axes strat\u00e9giques de notre propre territoire, \u00e0 savoir le programme visant \u00e0 atteindre la neutralit\u00e9 en \u00e9missions de carbone \u00e0 l\u2019horizon 2040, afin de contribuer \u00e0 la lutte contre les changements climatiques, dont La Rochelle tout comme Essaouira sont victimes en tant que territoires c\u00f4tiers jouissant d\u2019une position g\u00e9ophysique similaire\u00a0\u00bb, a expliqu\u00e9 M. Sabatier.<\/p>\n<p>\u00ab\u00a0L\u2019id\u00e9e est d\u2019associer Essaouira \u00e0 ce projet pilote puisque nous sommes confront\u00e9s aux m\u00eames menaces\u00a0\u00bb, pour d\u00e9velopper ensemble ce programme, en vue d\u2019atteindre cet ambitieux objectif d\u2019ici 2040, a-t-il encha\u00een\u00e9.<\/p>\n<p>Pr\u00e9sentant les principaux axes de ce projet, M. Karim Touili, professeur associ\u00e9 \u00e0 l\u2019Universit\u00e9 de La Rochelle, a expliqu\u00e9 que ce programme se veut une r\u00e9ponse territoriale syst\u00e9matique face aux changements climatiques, \u00e0 travers l\u2019implication d\u2019un ensemble de partenaires r\u00e9unis autour d\u2019une communaut\u00e9 d\u2019acteurs engag\u00e9s.<\/p>\n<p>L\u2019objectif est de contribuer \u00e0 l\u2019atteinte de la neutralit\u00e9 carbone globale pour contenir le r\u00e9chauffement climatique \u00e0 moins de 2\u00b0C, a soulign\u00e9 l\u2019expert d\u2019origine marocaine.<\/p>\n<p>M. Touili, \u00e9galement directeur d\u2019un bureau d\u2019\u00e9tudes \u00e0 La Rochelle, a pass\u00e9 en revue certains secteurs cl\u00e9s dans lesquels les deux parties peuvent d\u00e9velopper leur collaboration, notant que cette visite vise \u00e0 amorcer des actions concr\u00e8tes pour relancer ce jumelage.<\/p>\n<p>Parmi les actions que les deux parties envisagent de mettre en \u0153uvre dans l\u2019imm\u00e9diat, il a notamment cit\u00e9 le transfert de technologies afin de permettre \u00e0 Essaouira de tirer profit de l\u2019exp\u00e9rience de La Rochelle, en particulier de ce programme Z\u00e9ro Carbone, alors que La Rochelle peut, de son c\u00f4t\u00e9, b\u00e9n\u00e9ficier de l\u2019expertise des artisans souiris.<\/p>\n<p>Au cours de cette rencontre, les deux parties ont exprim\u00e9 leur volont\u00e9 commune de lancer des initiatives concr\u00e8tes afin de donner corps \u00e0 cette convention de jumelage et renforcer les relations bilat\u00e9rales.<\/p>\n<p>The post <a rel=\"nofollow\" href=\"http:\/\/www.mapmarrakech.ma\/fr\/rencontre-sur-le-projet-la-rochelle-territoire-a-zero-carbone\/\">Rencontre sur le projet \u00ab\u00a0La Rochelle Territoire \u00e0 Z\u00e9ro Carbone\u00a0\u00bb<\/a> appeared first on <a rel=\"nofollow\" href=\"http:\/\/www.mapmarrakech.ma\/fr\">MapMarrakech<\/a>.<\/p>\n<\/div>\n<p>Auteur: Meriem IGASS<br \/>\n<a href=\"http:\/\/www.mapmarrakech.ma\/fr\/rencontre-sur-le-projet-la-rochelle-territoire-a-zero-carbone\/\">Cliquez ici pour lire l&rsquo;article depuis sa source.<\/a><\/p>\n","protected":false},"excerpt":{"rendered":"<p>Tenue en pr\u00e9sence du pr\u00e9sident du Conseil communal d\u2019Essaouira, M. Tarik Ottmani, cette rencontre, d\u00e9di\u00e9e \u00e0 la pr\u00e9sentation de ce programme ambitieux, lanc\u00e9 il y a quatre ans par La Rochelle, intervient dans le cadre de la volont\u00e9 manifest\u00e9e par les deux parties de donner un nouvel \u00e9lan \u00e0 la convention de jumelage conclue entre [&hellip;]<\/p>\n","protected":false},"author":1788,"featured_media":0,"comment_status":"closed","ping_status":"closed","sticky":false,"template":"","format":"standard","meta":{"fifu_image_url":"http:\/\/www.mapmarrakech.ma\/map\/uploads\/2021\/10\/plage_essaouira.jpg","fifu_image_alt":"Rencontre sur le projet \u00ab\u00a0La Rochelle Territoire \u00e0 Z\u00e9ro Carbone\u00a0\u00bb","footnotes":""},"categories":[54,76],"tags":[],"class_list":["post-131332","post","type-post","status-publish","format-standard","hentry","category-maroc","category-regions"],"_links":{"self":[{"href":"https:\/\/linitiative.ca\/International\/wp-json\/wp\/v2\/posts\/131332","targetHints":{"allow":["GET"]}}],"collection":[{"href":"https:\/\/linitiative.ca\/International\/wp-json\/wp\/v2\/posts"}],"about":[{"href":"https:\/\/linitiative.ca\/International\/wp-json\/wp\/v2\/types\/post"}],"author":[{"embeddable":true,"href":"https:\/\/linitiative.ca\/International\/wp-json\/wp\/v2\/users\/1788"}],"replies":[{"embeddable":true,"href":"https:\/\/linitiative.ca\/International\/wp-json\/wp\/v2\/comments?post=131332"}],"version-history":[{"count":0,"href":"https:\/\/linitiative.ca\/International\/wp-json\/wp\/v2\/posts\/131332\/revisions"}],"wp:attachment":[{"href":"https:\/\/linitiative.ca\/International\/wp-json\/wp\/v2\/media?parent=131332"}],"wp:term":[{"taxonomy":"category","embeddable":true,"href":"https:\/\/linitiative.ca\/International\/wp-json\/wp\/v2\/categories?post=131332"},{"taxonomy":"post_tag","embeddable":true,"href":"https:\/\/linitiative.ca\/International\/wp-json\/wp\/v2\/tags?post=131332"}],"curies":[{"name":"wp","href":"https:\/\/api.w.org\/{rel}","templated":true}]}}