{"id":131342,"date":"2021-10-29T08:29:01","date_gmt":"2021-10-29T12:29:01","guid":{"rendered":"https:\/\/linitiative.ca\/International\/le-comedien-et-dramaturge-mohamed-boubkrat-nest-plus\/"},"modified":"2021-10-29T08:29:01","modified_gmt":"2021-10-29T12:29:01","slug":"le-comedien-et-dramaturge-mohamed-boubkrat-nest-plus","status":"publish","type":"post","link":"https:\/\/linitiative.ca\/International\/le-comedien-et-dramaturge-mohamed-boubkrat-nest-plus\/","title":{"rendered":"Le com\u00e9dien et dramaturge Mohamed Boubkrat n\u2019est plus"},"content":{"rendered":"<div>\n<div style=\"margin-bottom:20px;\"><img loading=\"lazy\" decoding=\"async\" width=\"728\" height=\"430\" src=\"https:\/\/linitiative.ca\/International\/wp-content\/uploads\/sites\/23\/2021\/10\/Lartisite-Mohamed-Boubekrat-750C397430-DR.jpg\" class=\"attachment-post-thumbnail size-post-thumbnail wp-post-image\" alt=\"\" srcset=\"https:\/\/linitiative.ca\/International\/wp-content\/uploads\/sites\/23\/2021\/10\/Lartisite-Mohamed-Boubekrat-750C397430-DR.jpg 728w, http:\/\/www.mapoujda.ma\/map\/uploads\/2021\/10\/Lartisite-Mohamed-Boubekrat-750\u00d7430-DR-300x177.jpg 300w, http:\/\/www.mapoujda.ma\/map\/uploads\/2021\/10\/Lartisite-Mohamed-Boubekrat-750\u00d7430-DR-357x210.jpg 357w\" sizes=\"auto, (max-width: 728px) 100vw, 728px\"><\/div>\n<div>\n<p style=\"text-align: justify;\">Le com\u00e9dien et dramaturge, Mohamed Boubkrat, un des piliers du th\u00e9\u00e2tre et du septi\u00e8me art de la r\u00e9gion de l\u2019Oriental, a rendu l\u2019\u00e2me des suites d\u2019un malaise, a annonc\u00e9 vendredi le minist\u00e8re de la Jeunesse, de la Culture et de la Communication.<\/p>\n<p style=\"text-align: justify;\">Sur son site web, le minist\u00e8re indique avoir \u00ab\u00a0appris avec regret et une immense tristesse la nouvelle du d\u00e9c\u00e8s de Boubkrat, un des fondateurs du genre th\u00e9\u00e2tral, des arts dramatiques et des \u0153uvres t\u00e9l\u00e9vis\u00e9es\u00a0\u00bb, notant que le d\u00e9funt a \u00e9t\u00e9 connu pour les diff\u00e9rents r\u00f4les qu\u2019il a jou\u00e9s, notamment celui dans une s\u00e9rie historique \u00e0 succ\u00e8s lors des ann\u00e9es 90 o\u00f9 il avait incarn\u00e9 le personnage de Moulay Idriss al-Akbar.<\/p>\n<p style=\"text-align: justify;\">De son c\u00f4t\u00e9, le Syndicat marocain des professionnels des arts dramatiques a exprim\u00e9 son profond chagrin suite \u00e0 la disparition de Boubkrat, une des figures embl\u00e9matiques du th\u00e9\u00e2tre (r\u00e9alisateur et com\u00e9dien \u00e0 la fois), notamment le th\u00e9\u00e2tre ouvrier \u00e0 Oujda au cours des quatre derni\u00e8res d\u00e9cennies.<\/p>\n<\/div>\n<p>L\u2019article <a rel=\"nofollow\" href=\"http:\/\/www.mapoujda.ma\/fr\/le-comedien-et-dramaturge-mohamed-boubkrat-nest-plus\/\">Le com\u00e9dien et dramaturge Mohamed Boubkrat n\u2019est plus<\/a> est apparu en premier sur <a rel=\"nofollow\" href=\"http:\/\/www.mapoujda.ma\/fr\">MapOujda<\/a>.<\/p>\n<\/div>\n<p>Auteur: Soufiane ELAHMAR<br \/>\n<a href=\"http:\/\/www.mapoujda.ma\/fr\/le-comedien-et-dramaturge-mohamed-boubkrat-nest-plus\/\">Cliquez ici pour lire l&rsquo;article depuis sa source.<\/a><\/p>\n","protected":false},"excerpt":{"rendered":"<p>Le com\u00e9dien et dramaturge, Mohamed Boubkrat, un des piliers du th\u00e9\u00e2tre et du septi\u00e8me art de la r\u00e9gion de l\u2019Oriental, a rendu l\u2019\u00e2me des suites d\u2019un malaise, a annonc\u00e9 vendredi le minist\u00e8re de la Jeunesse, de la Culture et de la Communication. Sur son site web, le minist\u00e8re indique avoir \u00ab\u00a0appris avec regret et une [&hellip;]<\/p>\n","protected":false},"author":1788,"featured_media":0,"comment_status":"closed","ping_status":"closed","sticky":false,"template":"","format":"standard","meta":{"fifu_image_url":"http:\/\/www.mapoujda.ma\/map\/uploads\/2021\/10\/Lartisite-Mohamed-Boubekrat-750\u00d7430-DR.jpg","fifu_image_alt":"Le com\u00e9dien et dramaturge Mohamed Boubkrat n\u2019est plus","footnotes":""},"categories":[54,76],"tags":[],"class_list":["post-131342","post","type-post","status-publish","format-standard","hentry","category-maroc","category-regions"],"_links":{"self":[{"href":"https:\/\/linitiative.ca\/International\/wp-json\/wp\/v2\/posts\/131342","targetHints":{"allow":["GET"]}}],"collection":[{"href":"https:\/\/linitiative.ca\/International\/wp-json\/wp\/v2\/posts"}],"about":[{"href":"https:\/\/linitiative.ca\/International\/wp-json\/wp\/v2\/types\/post"}],"author":[{"embeddable":true,"href":"https:\/\/linitiative.ca\/International\/wp-json\/wp\/v2\/users\/1788"}],"replies":[{"embeddable":true,"href":"https:\/\/linitiative.ca\/International\/wp-json\/wp\/v2\/comments?post=131342"}],"version-history":[{"count":0,"href":"https:\/\/linitiative.ca\/International\/wp-json\/wp\/v2\/posts\/131342\/revisions"}],"wp:attachment":[{"href":"https:\/\/linitiative.ca\/International\/wp-json\/wp\/v2\/media?parent=131342"}],"wp:term":[{"taxonomy":"category","embeddable":true,"href":"https:\/\/linitiative.ca\/International\/wp-json\/wp\/v2\/categories?post=131342"},{"taxonomy":"post_tag","embeddable":true,"href":"https:\/\/linitiative.ca\/International\/wp-json\/wp\/v2\/tags?post=131342"}],"curies":[{"name":"wp","href":"https:\/\/api.w.org\/{rel}","templated":true}]}}