{"id":131362,"date":"2021-10-29T06:34:23","date_gmt":"2021-10-29T10:34:23","guid":{"rendered":"https:\/\/linitiative.ca\/International\/nadia-fettah-alaoui-nommee-presidente-du-conseil-de-surveillance-de-maroc-telecom\/"},"modified":"2021-10-29T06:34:23","modified_gmt":"2021-10-29T10:34:23","slug":"nadia-fettah-alaoui-nommee-presidente-du-conseil-de-surveillance-de-maroc-telecom","status":"publish","type":"post","link":"https:\/\/linitiative.ca\/International\/nadia-fettah-alaoui-nommee-presidente-du-conseil-de-surveillance-de-maroc-telecom\/","title":{"rendered":"Nadia Fettah Alaoui nomm\u00e9e pr\u00e9sidente du Conseil de surveillance de Maroc Telecom"},"content":{"rendered":"<div><img decoding=\"async\" width=\"1100\" height=\"500\" src=\"https:\/\/linitiative.ca\/International\/wp-content\/uploads\/sites\/23\/2021\/10\/nadiaaa.jpg\" class=\"attachment-post-thumbnail size-post-thumbnail wp-post-image\" alt=\"\" loading=\"lazy\" srcset=\"https:\/\/linitiative.ca\/International\/wp-content\/uploads\/sites\/23\/2021\/10\/nadiaaa.jpg 1100w, https:\/\/www.challenge.ma\/wp-content\/uploads\/2021\/10\/nadiaaa-300x136.jpg 300w, https:\/\/www.challenge.ma\/wp-content\/uploads\/2021\/10\/nadiaaa-1024x465.jpg 1024w, https:\/\/www.challenge.ma\/wp-content\/uploads\/2021\/10\/nadiaaa-768x349.jpg 768w, https:\/\/www.challenge.ma\/wp-content\/uploads\/2021\/10\/nadiaaa-360x164.jpg 360w, https:\/\/www.challenge.ma\/wp-content\/uploads\/2021\/10\/nadiaaa-750x341.jpg 750w\" sizes=\"auto, (max-width: 1100px) 100vw, 1100px\" itemprop=\"image\">Lors de sa derni\u00e8re r\u00e9union du 25 octobre 2021, le conseil de surveillance de maroc telecom a proc\u00e9d\u00e9 \u00e0 la cooptation de trois nouveaux membres. Le Groupe Maroc Telecom a annonc\u00e9, ce jeudi, que son Conseil de Surveillance a proc\u00e9d\u00e9, lors de sa derni\u00e8re r\u00e9union du 25 octobre 2021, \u00e0<\/div>\n<p>Auteur: challenge<br \/>\n<a href=\"https:\/\/www.challenge.ma\/nadia-fettah-alaoui-elue-presidente-du-conseil-de-surveillance-de-maroc-telecom-224716\/\">Cliquez ici pour lire l&rsquo;article depuis sa source.<\/a><\/p>\n","protected":false},"excerpt":{"rendered":"<p>Lors de sa derni\u00e8re r\u00e9union du 25 octobre 2021, le conseil de surveillance de maroc telecom a proc\u00e9d\u00e9 \u00e0 la cooptation de trois nouveaux membres. Le Groupe Maroc Telecom a annonc\u00e9, ce jeudi, que son Conseil de Surveillance a proc\u00e9d\u00e9, lors de sa derni\u00e8re r\u00e9union du 25 octobre 2021, \u00e0 Auteur: challenge Cliquez ici pour [&hellip;]<\/p>\n","protected":false},"author":1787,"featured_media":0,"comment_status":"closed","ping_status":"closed","sticky":false,"template":"","format":"standard","meta":{"fifu_image_url":"https:\/\/www.challenge.ma\/wp-content\/uploads\/2021\/10\/nadiaaa.jpg","fifu_image_alt":"Nadia Fettah Alaoui nomm\u00e9e pr\u00e9sidente du Conseil de surveillance de Maroc Telecom","footnotes":""},"categories":[78,54],"tags":[],"class_list":["post-131362","post","type-post","status-publish","format-standard","hentry","category-economie","category-maroc"],"_links":{"self":[{"href":"https:\/\/linitiative.ca\/International\/wp-json\/wp\/v2\/posts\/131362","targetHints":{"allow":["GET"]}}],"collection":[{"href":"https:\/\/linitiative.ca\/International\/wp-json\/wp\/v2\/posts"}],"about":[{"href":"https:\/\/linitiative.ca\/International\/wp-json\/wp\/v2\/types\/post"}],"author":[{"embeddable":true,"href":"https:\/\/linitiative.ca\/International\/wp-json\/wp\/v2\/users\/1787"}],"replies":[{"embeddable":true,"href":"https:\/\/linitiative.ca\/International\/wp-json\/wp\/v2\/comments?post=131362"}],"version-history":[{"count":0,"href":"https:\/\/linitiative.ca\/International\/wp-json\/wp\/v2\/posts\/131362\/revisions"}],"wp:attachment":[{"href":"https:\/\/linitiative.ca\/International\/wp-json\/wp\/v2\/media?parent=131362"}],"wp:term":[{"taxonomy":"category","embeddable":true,"href":"https:\/\/linitiative.ca\/International\/wp-json\/wp\/v2\/categories?post=131362"},{"taxonomy":"post_tag","embeddable":true,"href":"https:\/\/linitiative.ca\/International\/wp-json\/wp\/v2\/tags?post=131362"}],"curies":[{"name":"wp","href":"https:\/\/api.w.org\/{rel}","templated":true}]}}