{"id":131377,"date":"2021-10-28T18:27:40","date_gmt":"2021-10-28T22:27:40","guid":{"rendered":"https:\/\/linitiative.ca\/International\/comite-executif-de-la-fbf-lazare-bansse-justifie-le-reamenagement-du-15-octobre-dernier\/"},"modified":"2021-10-28T18:27:40","modified_gmt":"2021-10-28T22:27:40","slug":"comite-executif-de-la-fbf-lazare-bansse-justifie-le-reamenagement-du-15-octobre-dernier","status":"publish","type":"post","link":"https:\/\/linitiative.ca\/International\/comite-executif-de-la-fbf-lazare-bansse-justifie-le-reamenagement-du-15-octobre-dernier\/","title":{"rendered":"Comit\u00e9 ex\u00e9cutif de la  FBF : Lazare Banss\u00e9 justifie le r\u00e9am\u00e9nagement du 15 octobre dernier"},"content":{"rendered":"<div>\n<p><strong>Le pr\u00e9sident de la F\u00e9d\u00e9ration burkinab\u00e8 de football (FBF), Lazare Banss\u00e9, accompagn\u00e9 de ses proches collaborateurs, a expliqu\u00e9 les raisons qui ont pr\u00e9valu au r\u00e9am\u00e9nagement de son comit\u00e9 ex\u00e9cutif le 15 octobre dernier. C\u2019\u00e9tait lors d\u2019une conf\u00e9rence de presse organis\u00e9e le jeudi 28 octobre 2021 \u00e0 Ouagadougou.<\/strong><\/p>\n<p>Le r\u00e9am\u00e9nagement du bureau ex\u00e9cutif de la F\u00e9d\u00e9ration Burkinab\u00e8 de Football (FBF) est du pouvoir r\u00e9galien de son pr\u00e9sident. C\u2019est le point de vue du pr\u00e9sident de la FBF, Lazare Banss\u00e9, pour justifier le r\u00e9am\u00e9nagement du bureau ex\u00e9cutif qu\u2019il avait op\u00e9r\u00e9 le 15 octobre 2021. Les d\u00e9parts de Raymond Papy Dagba, Sibiri Jeau Paul Ramd\u00e9, Isabelle Tall et Boureima Zio avaient fait couler beaucoup d\u2019encre. L\u2019ex-DG de la CAMEG s\u2019est justifi\u00e9 au cours d\u2019une conf\u00e9rence de presse, le jeudi 28 octobre 2021 \u00e0 Ouagadougou.<\/p>\n<p>Selon Lazare Banss\u00e9, le comit\u00e9 ex\u00e9cutif r\u00e9am\u00e9nag\u00e9 est le r\u00e9sultat de concertations avec certains membres et de sa volont\u00e9 de faire en sorte que l\u2019\u0153uvre collective soit le fil conducteur de son action. Aussi, a-t-il insist\u00e9, des fondements juridiques lui donnent le pouvoir de r\u00e9am\u00e9nager son bureau ex\u00e9cutif, en vue d\u2019assurer son meilleur fonctionnement. Ainsi, il s\u2019appuie sur les statuts de la FBF r\u00e9vis\u00e9s le 8 avril 2018 qui stipulent que \u00ab d\u00e9sormais, seul le pr\u00e9sident de la FBF est \u00e9lu par l\u2019assembl\u00e9e g\u00e9n\u00e9rale \u00bb. De ce fait, le pr\u00e9sident \u00e9lu a toute la latitude de d\u00e9signer les membres du comit\u00e9 ex\u00e9cutif de fa\u00e7on discr\u00e9tionnaire, sans influence ext\u00e9rieure.<\/p>\n<p>\u00ab Si le pr\u00e9sident nomme les membres du comit\u00e9 ex\u00e9cutif sans en r\u00e9f\u00e9rer \u00e0 l\u2019assembl\u00e9e g\u00e9n\u00e9rale, il doit pouvoir les r\u00e9voquer de la m\u00eame mani\u00e8re. C\u2019est ce qui se nomme en droit le parall\u00e9lisme des formes. C\u2019est-\u00e0-dire qu\u2019une d\u00e9cision prise sous une forme donn\u00e9e ne peut \u00eatre retir\u00e9e, abrog\u00e9e, annul\u00e9e ou modifi\u00e9e qu\u2019en respectant les m\u00eames formes \u00bb, a-t-il indiqu\u00e9. Pour lui, des membres du comit\u00e9 \u00e9lus en assembl\u00e9e g\u00e9n\u00e9rale par scrutin de listes, deviennent une fois \u00e9lus, inamovibles jusqu\u2019\u00e0 la prochaine \u00e9lection, soit quatre ans. Or, a-t-il ajout\u00e9, il a \u00e9t\u00e9 fait le constat r\u00e9current que durant ce temps, les comit\u00e9s ex\u00e9cutifs pass\u00e9s de la FBF ont connu ou v\u00e9cu des dysfonctionnements ou des difficult\u00e9s pour travailler efficacement et en synergie.<\/p>\n<p>Selon Lazare Banss\u00e9, des membres font d\u00e9fection, ne participent plus aux activit\u00e9s de la FBF sans explications, ni raisons connues, et des membres choisissent de d\u00e9missionner ou ne sont pas \u00e0 la hauteur de leur mission. \u00ab Certains agissent avec dilettantisme, d\u2019autres choisissent d\u2019\u00eatre en opposition frontale, soit avec le pr\u00e9sident, soit le comit\u00e9 ex\u00e9cutif. D\u2019autres encore font preuve de d\u00e9loyaut\u00e9 totale envers le comit\u00e9 ex\u00e9cutif et le pr\u00e9sident \u00bb, a-t-il insist\u00e9.<\/p>\n<h3>\u00ab Je me battrai contre le clanisme\u2026 \u00bb<\/h3>\n<p>Lazare Banss\u00e9 a alors assur\u00e9 que ce sont, entre autres \u00e9l\u00e9ments qui ont \u00e9t\u00e9 d\u00e9plor\u00e9s par plusieurs personnes du milieu du football et qui ont conduit \u00e0 l\u2019option pour une nomination des membres du comit\u00e9 ex\u00e9cutif par le pr\u00e9sident, en lieu et place d\u2019une \u00e9lection.<\/p>\n<p>Le pr\u00e9sident de la FBF reproche aux personnes r\u00e9voqu\u00e9es de vouloir cr\u00e9er des clans au sein du bureau f\u00e9d\u00e9ral. \u00ab Ce n\u2019est pas ma conviction encore moins ma vision. Depuis ma prise de fonction, je n\u2019ai qu\u2019un seul leitmotiv, me battre avec force contre la persistance du clanisme et des chapelles qui rament \u00e0 contre-courant et parfois dans un m\u00e9pris total de nos textes \u00bb, a-t-il d\u00e9clar\u00e9. S\u2019agissant du r\u00e9am\u00e9nagement du bureau f\u00e9d\u00e9ral, \u00e0 en croire le pr\u00e9sident de la FBF, nombre d\u2019entre eux n\u2019exer\u00e7aient pas leur travail avec s\u00e9rieux et conscience professionnelle. Le constat qu\u2019il a pu faire, a-t-il affirm\u00e9, est notamment une non observance des horaires de travail et surtout, un absent\u00e9isme quasi g\u00e9n\u00e9ral qui pouvait durer des jours pour certains.<\/p>\n<p>\u00ab Or, tout ce personnel est salari\u00e9 et il est attendu de lui, de la performance et un bon fonctionnement de l\u2019administration f\u00e9d\u00e9rale \u00bb, a r\u00e9v\u00e9l\u00e9 Lazare Banss\u00e9. En ce qui concerne l\u2019ancien bureau ex\u00e9cutif, le pr\u00e9sident de la FBF a affirm\u00e9 qu\u2019il a fait preuve de bonne foi envers ceux qui lui ont c\u00e9d\u00e9 la pr\u00e9sidence. \u00ab Toutes les instances qui m\u2019ont \u00e9t\u00e9 laiss\u00e9es, ont \u00e9t\u00e9 g\u00e9r\u00e9es dans la continuit\u00e9, sans trop de formalisme, quand bien m\u00eame, il y en avait pas mal qui portait \u00e0 caution.<\/p>\n<p>Concernant par exemple les instances ayant trait \u00e0 des cr\u00e9ances, dont certaines \u00e9taient tr\u00e8s r\u00e9centes, pour ne pas parler de cr\u00e9ances de derni\u00e8re minute et pour d\u2019importants montants, je les ai toutes liquid\u00e9es. Et cela pour ne pas se livrer une chasse aux sorci\u00e8res \u00bb, a-t-il pr\u00e9cis\u00e9. Toutefois Lazare Banss\u00e9 appelle \u00e0 une union sacr\u00e9e autour des Etalons qui ont des \u00e9ch\u00e9ances importantes dans les prochaines semaines.<\/p>\n<p style=\"text-align: right\"><strong>Pengdwend\u00e9 Achille OUEDRAOGO <\/strong><\/p>\n<p>L\u2019article <a rel=\"nofollow\" href=\"https:\/\/www.sidwaya.info\/blog\/2021\/10\/28\/comite-executif-de-la-fbf-lazare-bansse-justifie-le-reamenagement-du-15-octobre-dernier\/\">Comit\u00e9 ex\u00e9cutif de la  FBF : Lazare Banss\u00e9 justifie le r\u00e9am\u00e9nagement du 15 octobre dernier<\/a> est apparu en premier sur <a rel=\"nofollow\" href=\"https:\/\/www.sidwaya.info\/\">Quotidien Sidwaya<\/a>.<\/p>\n<\/div>\n<p>Auteur: JK. Sidwaya<br \/>\n<a href=\"https:\/\/www.sidwaya.info\/blog\/2021\/10\/28\/comite-executif-de-la-fbf-lazare-bansse-justifie-le-reamenagement-du-15-octobre-dernier\/\">Cliquez ici pour lire l&rsquo;article depuis sa source.<\/a><\/p>\n","protected":false},"excerpt":{"rendered":"<p>Le pr\u00e9sident de la F\u00e9d\u00e9ration burkinab\u00e8 de football (FBF), Lazare Banss\u00e9, accompagn\u00e9 de ses proches collaborateurs, a expliqu\u00e9 les raisons qui ont pr\u00e9valu au r\u00e9am\u00e9nagement de son comit\u00e9 ex\u00e9cutif le 15 octobre dernier. C\u2019\u00e9tait lors d\u2019une conf\u00e9rence de presse organis\u00e9e le jeudi 28 octobre 2021 \u00e0 Ouagadougou. Le r\u00e9am\u00e9nagement du bureau ex\u00e9cutif de la F\u00e9d\u00e9ration [&hellip;]<\/p>\n","protected":false},"author":1816,"featured_media":0,"comment_status":"closed","ping_status":"closed","sticky":false,"template":"","format":"standard","meta":{"fifu_image_url":"","fifu_image_alt":"","footnotes":""},"categories":[73,81],"tags":[],"class_list":["post-131377","post","type-post","status-publish","format-standard","hentry","category-actualite","category-burkina-faso"],"_links":{"self":[{"href":"https:\/\/linitiative.ca\/International\/wp-json\/wp\/v2\/posts\/131377","targetHints":{"allow":["GET"]}}],"collection":[{"href":"https:\/\/linitiative.ca\/International\/wp-json\/wp\/v2\/posts"}],"about":[{"href":"https:\/\/linitiative.ca\/International\/wp-json\/wp\/v2\/types\/post"}],"author":[{"embeddable":true,"href":"https:\/\/linitiative.ca\/International\/wp-json\/wp\/v2\/users\/1816"}],"replies":[{"embeddable":true,"href":"https:\/\/linitiative.ca\/International\/wp-json\/wp\/v2\/comments?post=131377"}],"version-history":[{"count":0,"href":"https:\/\/linitiative.ca\/International\/wp-json\/wp\/v2\/posts\/131377\/revisions"}],"wp:attachment":[{"href":"https:\/\/linitiative.ca\/International\/wp-json\/wp\/v2\/media?parent=131377"}],"wp:term":[{"taxonomy":"category","embeddable":true,"href":"https:\/\/linitiative.ca\/International\/wp-json\/wp\/v2\/categories?post=131377"},{"taxonomy":"post_tag","embeddable":true,"href":"https:\/\/linitiative.ca\/International\/wp-json\/wp\/v2\/tags?post=131377"}],"curies":[{"name":"wp","href":"https:\/\/api.w.org\/{rel}","templated":true}]}}