{"id":131379,"date":"2021-10-29T07:51:58","date_gmt":"2021-10-29T11:51:58","guid":{"rendered":"https:\/\/linitiative.ca\/International\/sante-sexuelle-et-reproductive-lettre-ouverte-de-la-conference-episcopale-burkina-niger-au-ministre-de-la-sante\/"},"modified":"2021-10-29T07:51:58","modified_gmt":"2021-10-29T11:51:58","slug":"sante-sexuelle-et-reproductive-lettre-ouverte-de-la-conference-episcopale-burkina-niger-au-ministre-de-la-sante","status":"publish","type":"post","link":"https:\/\/linitiative.ca\/International\/sante-sexuelle-et-reproductive-lettre-ouverte-de-la-conference-episcopale-burkina-niger-au-ministre-de-la-sante\/","title":{"rendered":"Sant\u00e9 sexuelle et reproductive: Lettre ouverte de la conf\u00e9rence \u00e9piscopale Burkina Niger au ministre de la sant\u00e9"},"content":{"rendered":"<div>\n<p>Dans une lettre ouverte, la Conf\u00e9rence \u00e9piscopale Burkina Niger d\u00e9plore les propos du ministre de la sant\u00e9 tenus apr\u00e8s la conf\u00e9rence de presse \u00a0sur la publication de sa plaquette \u00ab les dangers pour la sant\u00e9 des m\u00e9thodes contraceptives : Une approche scientifique de la question \u00bb. T\u00e9l\u00e9charger la lettre ci-apr\u00e8s.<\/p>\n<p><a href=\"https:\/\/www.sidwaya.info\/wp-content\/uploads\/2021\/10\/LETTRE-AU-MINISTRE-DE-LA-SANTE.pdf\">LETTRE AU MINISTRE DE LA SANTE<\/a><\/p>\n<p>L\u2019article <a rel=\"nofollow\" href=\"https:\/\/www.sidwaya.info\/blog\/2021\/10\/29\/sante-sexuelle-et-reproductive-lettre-ouverte-de-la-conference-episcopale-burkina-niger-au-ministre-de-la-sante\/\">Sant\u00e9 sexuelle et reproductive: Lettre ouverte de la conf\u00e9rence \u00e9piscopale Burkina Niger au ministre de la sant\u00e9<\/a> est apparu en premier sur <a rel=\"nofollow\" href=\"https:\/\/www.sidwaya.info\/\">Quotidien Sidwaya<\/a>.<\/p>\n<\/div>\n<p>Auteur: BS. Sidwaya<br \/>\n<a href=\"https:\/\/www.sidwaya.info\/blog\/2021\/10\/29\/sante-sexuelle-et-reproductive-lettre-ouverte-de-la-conference-episcopale-burkina-niger-au-ministre-de-la-sante\/\">Cliquez ici pour lire l&rsquo;article depuis sa source.<\/a><\/p>\n","protected":false},"excerpt":{"rendered":"<p>Dans une lettre ouverte, la Conf\u00e9rence \u00e9piscopale Burkina Niger d\u00e9plore les propos du ministre de la sant\u00e9 tenus apr\u00e8s la conf\u00e9rence de presse \u00a0sur la publication de sa plaquette \u00ab les dangers pour la sant\u00e9 des m\u00e9thodes contraceptives : Une approche scientifique de la question \u00bb. T\u00e9l\u00e9charger la lettre ci-apr\u00e8s. LETTRE AU MINISTRE DE LA [&hellip;]<\/p>\n","protected":false},"author":1816,"featured_media":0,"comment_status":"closed","ping_status":"closed","sticky":false,"template":"","format":"standard","meta":{"fifu_image_url":"","fifu_image_alt":"","footnotes":""},"categories":[73,81],"tags":[],"class_list":["post-131379","post","type-post","status-publish","format-standard","hentry","category-actualite","category-burkina-faso"],"_links":{"self":[{"href":"https:\/\/linitiative.ca\/International\/wp-json\/wp\/v2\/posts\/131379","targetHints":{"allow":["GET"]}}],"collection":[{"href":"https:\/\/linitiative.ca\/International\/wp-json\/wp\/v2\/posts"}],"about":[{"href":"https:\/\/linitiative.ca\/International\/wp-json\/wp\/v2\/types\/post"}],"author":[{"embeddable":true,"href":"https:\/\/linitiative.ca\/International\/wp-json\/wp\/v2\/users\/1816"}],"replies":[{"embeddable":true,"href":"https:\/\/linitiative.ca\/International\/wp-json\/wp\/v2\/comments?post=131379"}],"version-history":[{"count":0,"href":"https:\/\/linitiative.ca\/International\/wp-json\/wp\/v2\/posts\/131379\/revisions"}],"wp:attachment":[{"href":"https:\/\/linitiative.ca\/International\/wp-json\/wp\/v2\/media?parent=131379"}],"wp:term":[{"taxonomy":"category","embeddable":true,"href":"https:\/\/linitiative.ca\/International\/wp-json\/wp\/v2\/categories?post=131379"},{"taxonomy":"post_tag","embeddable":true,"href":"https:\/\/linitiative.ca\/International\/wp-json\/wp\/v2\/tags?post=131379"}],"curies":[{"name":"wp","href":"https:\/\/api.w.org\/{rel}","templated":true}]}}