{"id":131416,"date":"2021-10-30T06:30:59","date_gmt":"2021-10-30T10:30:59","guid":{"rendered":"https:\/\/linitiative.ca\/International\/disponibilite-des-produits-agricoles-et-hausse-des-prix-une-equation-difficile-a-resoudre\/"},"modified":"2021-10-30T06:30:59","modified_gmt":"2021-10-30T10:30:59","slug":"disponibilite-des-produits-agricoles-et-hausse-des-prix-une-equation-difficile-a-resoudre","status":"publish","type":"post","link":"https:\/\/linitiative.ca\/International\/disponibilite-des-produits-agricoles-et-hausse-des-prix-une-equation-difficile-a-resoudre\/","title":{"rendered":"Disponibilit\u00e9 des produits agricoles et hausse des prix : Une \u00e9quation difficile \u00e0 r\u00e9soudre"},"content":{"rendered":"<div>\n<div class=\"sriret\"><img loading=\"lazy\" decoding=\"async\" width=\"1200\" height=\"778\" src=\"https:\/\/linitiative.ca\/International\/wp-content\/uploads\/sites\/23\/2021\/10\/marche.gif\" class=\"attachment-featured_large size-featured_large wp-post-image\" alt=\"\" style=\"margin-bottom: 15px;\"><\/div>\n<p>Le ministre de l\u2019Agriculture et du D\u00e9veloppement rural, Abdelhamid Hemdani, rassure sur la disponibilit\u00e9 des produits agricoles en Alg\u00e9rie. Il s\u2019est r\u00e9joui m\u00eame de la \u00abr\u00e9alisation de la s\u00e9curit\u00e9 alimentaire du pays\u00bb.<\/p>\n<p>Intervenant, jeudi dernier, au Conseil de la nation o\u00f9 il a r\u00e9pondu \u00e0 une question orale d\u2019un s\u00e9nateur, il se r\u00e9f\u00e8re au dernier communiqu\u00e9 de l\u2019Organisation des Nations unies pour l\u2019alimentation et l\u2019agriculture (FAO) qui a class\u00e9, selon lui, l\u2019Alg\u00e9rie dans la cellule bleue avec les \u00abpays d\u2019Europe et les pays puissants de par le monde en mesure de garantir l\u2019alimentation \u00e0 leurs citoyens\u00bb.<\/p>\n<p><strong>Retrouvez l\u2019int\u00e9gralit\u00e9 de nos articles sur la version papier<\/strong><\/p>\n<p>L\u2019article <a rel=\"nofollow\" href=\"https:\/\/www.elwatan.com\/edition\/actualite\/disponibilite-des-produits-agricoles-et-hausse-des-prix-une-equation-difficile-a-resoudre-30-10-2021\">Disponibilit\u00e9 des produits agricoles et hausse des prix : Une \u00e9quation difficile \u00e0 r\u00e9soudre<\/a> est apparu en premier sur <a rel=\"nofollow\" href=\"https:\/\/www.elwatan.com\/\">El Watan<\/a>.<\/p>\n<\/div>\n<p>Auteur: Hicham Chouadria<br \/>\n<a href=\"https:\/\/www.elwatan.com\/edition\/actualite\/disponibilite-des-produits-agricoles-et-hausse-des-prix-une-equation-difficile-a-resoudre-30-10-2021\">Cliquez ici pour lire l&rsquo;article depuis sa source.<\/a><\/p>\n","protected":false},"excerpt":{"rendered":"<p>Le ministre de l\u2019Agriculture et du D\u00e9veloppement rural, Abdelhamid Hemdani, rassure sur la disponibilit\u00e9 des produits agricoles en Alg\u00e9rie. Il s\u2019est r\u00e9joui m\u00eame de la \u00abr\u00e9alisation de la s\u00e9curit\u00e9 alimentaire du pays\u00bb. Intervenant, jeudi dernier, au Conseil de la nation o\u00f9 il a r\u00e9pondu \u00e0 une question orale d\u2019un s\u00e9nateur, il se r\u00e9f\u00e8re au dernier [&hellip;]<\/p>\n","protected":false},"author":1743,"featured_media":0,"comment_status":"closed","ping_status":"closed","sticky":false,"template":"","format":"standard","meta":{"fifu_image_url":"https:\/\/www.elwatan.com\/wp-content\/uploads\/2020\/12\/marche.gif","fifu_image_alt":"Disponibilit\u00e9 des produits agricoles et hausse des prix : Une \u00e9quation difficile \u00e0 r\u00e9soudre","footnotes":""},"categories":[73,53],"tags":[],"class_list":["post-131416","post","type-post","status-publish","format-standard","hentry","category-actualite","category-algerie"],"_links":{"self":[{"href":"https:\/\/linitiative.ca\/International\/wp-json\/wp\/v2\/posts\/131416","targetHints":{"allow":["GET"]}}],"collection":[{"href":"https:\/\/linitiative.ca\/International\/wp-json\/wp\/v2\/posts"}],"about":[{"href":"https:\/\/linitiative.ca\/International\/wp-json\/wp\/v2\/types\/post"}],"author":[{"embeddable":true,"href":"https:\/\/linitiative.ca\/International\/wp-json\/wp\/v2\/users\/1743"}],"replies":[{"embeddable":true,"href":"https:\/\/linitiative.ca\/International\/wp-json\/wp\/v2\/comments?post=131416"}],"version-history":[{"count":0,"href":"https:\/\/linitiative.ca\/International\/wp-json\/wp\/v2\/posts\/131416\/revisions"}],"wp:attachment":[{"href":"https:\/\/linitiative.ca\/International\/wp-json\/wp\/v2\/media?parent=131416"}],"wp:term":[{"taxonomy":"category","embeddable":true,"href":"https:\/\/linitiative.ca\/International\/wp-json\/wp\/v2\/categories?post=131416"},{"taxonomy":"post_tag","embeddable":true,"href":"https:\/\/linitiative.ca\/International\/wp-json\/wp\/v2\/tags?post=131416"}],"curies":[{"name":"wp","href":"https:\/\/api.w.org\/{rel}","templated":true}]}}